{"id":182,"date":"2022-08-09T13:53:58","date_gmt":"2022-08-09T13:53:58","guid":{"rendered":"https:\/\/www.starostistarosty.cz\/?p=182"},"modified":"2022-08-11T13:04:09","modified_gmt":"2022-08-11T13:04:09","slug":"prezijeme-v-dobrisi-zmeny-klimatu","status":"publish","type":"post","link":"https:\/\/www.starostistarosty.cz\/?p=182","title":{"rendered":"P\u0159e\u017eijeme v  Dob\u0159\u00ed\u0161i zm\u011bny klimatu?"},"content":{"rendered":"\n<p>Pr\u016fb\u011bh leto\u0161n\u00edho l\u00e9ta je dal\u0161\u00edm d\u016fkazem, \u017ee se klima m\u011bn\u00ed. T\u0159icetistup\u0148ov\u00e9 teploty nejsou v\u00fdjimkou a sr\u00e1\u017eek nen\u00ed mnoho. Co m\u016f\u017eeme \u010dekat? Co m\u016f\u017eeme d\u011blat? A co jsme ji\u017e ud\u011blali?<\/p>\n\n\n\n<figure class=\"wp-block-image size-full\"><img loading=\"lazy\" decoding=\"async\" width=\"320\" height=\"317\" src=\"https:\/\/www.starostistarosty.cz\/wp-content\/uploads\/2022\/08\/4-elementy-mini.jpg\" alt=\"\" class=\"wp-image-184\" srcset=\"https:\/\/www.starostistarosty.cz\/wp-content\/uploads\/2022\/08\/4-elementy-mini.jpg 320w, https:\/\/www.starostistarosty.cz\/wp-content\/uploads\/2022\/08\/4-elementy-mini-300x297.jpg 300w, https:\/\/www.starostistarosty.cz\/wp-content\/uploads\/2022\/08\/4-elementy-mini-150x150.jpg 150w\" sizes=\"auto, (max-width: 320px) 100vw, 320px\" \/><figcaption>4 elementy<\/figcaption><\/figure>\n\n\n\n<p>M\u016f\u017eeme se p\u0159\u00edt o n\u00e1zor, zda za zm\u011bny po\u010das\u00ed m\u016f\u017ee \u010dlov\u011bk. M\u016f\u017eem se p\u0159\u00edt o to, zda jevy jsou nahodil\u00e9 nebo jde o dlouhodob\u00fd trend. Ne\u017e se do sporu pust\u00edme, pros\u00edm seznamte se s&nbsp;fakty. T\u0159eba: <a href=\"https:\/\/faktaoklimatu.cz\/\">https:\/\/faktaoklimatu.cz\/<\/a><\/p>\n\n\n\n<p><a href=\"https:\/\/www.un.org\/en\/climatechange\">https:\/\/www.un.org\/en\/climatechange<\/a><\/p>\n\n\n\n<p><a href=\"https:\/\/climate.copernicus.eu\/esotc\/2021\">https:\/\/climate.copernicus.eu\/esotc\/2021<\/a><\/p>\n\n\n\n<p><a href=\"https:\/\/www.mzp.cz\/cz\/zmena_klimatu\">https:\/\/www.mzp.cz\/cz\/zmena_klimatu<\/a><\/p>\n\n\n\n<figure class=\"wp-block-image size-large\"><img loading=\"lazy\" decoding=\"async\" width=\"1024\" height=\"550\" src=\"https:\/\/www.starostistarosty.cz\/wp-content\/uploads\/2022\/08\/Teplota-CR-1024x550.jpg\" alt=\"\" class=\"wp-image-183\" srcset=\"https:\/\/www.starostistarosty.cz\/wp-content\/uploads\/2022\/08\/Teplota-CR-1024x550.jpg 1024w, https:\/\/www.starostistarosty.cz\/wp-content\/uploads\/2022\/08\/Teplota-CR-300x161.jpg 300w, https:\/\/www.starostistarosty.cz\/wp-content\/uploads\/2022\/08\/Teplota-CR-768x412.jpg 768w, https:\/\/www.starostistarosty.cz\/wp-content\/uploads\/2022\/08\/Teplota-CR-1536x825.jpg 1536w, https:\/\/www.starostistarosty.cz\/wp-content\/uploads\/2022\/08\/Teplota-CR-1568x842.jpg 1568w, https:\/\/www.starostistarosty.cz\/wp-content\/uploads\/2022\/08\/Teplota-CR.jpg 1928w\" sizes=\"auto, (max-width: 1024px) 100vw, 1024px\" \/><figcaption>R\u016fst pr\u016fm\u011brn\u00e9 teploty v \u010cR. Zdroj: Fakta o klimatu<\/figcaption><\/figure>\n\n\n\n<p>Za posledn\u00edch 60 let vrostla v&nbsp;\u010cR pr\u016fm\u011brn\u00e1 teplota o 2 stupn\u011b Celsia. A teplota d\u00e1l poroste, akor\u00e1t \u017ee rychleji. Podle odhad\u016f n\u00e1r\u016fst pr\u016fm\u011brn\u00e9 teploty o dal\u0161\u00ed 2 stupn\u011b m\u016f\u017eeme \u010dekat v&nbsp;polovi\u010dn\u00edm \u010dase, tedy do r. 2050. Jak to pak u n\u00e1s m\u016f\u017ee vypadat, najdete t\u0159eba <a href=\"https:\/\/www.extinctionrebellion.cz\/fakta\/cesko-v-roce-2050\/\">zde<\/a>.<\/p>\n\n\n\n<p>Vy\u0161\u0161\u00ed teplota s&nbsp;sebou nese \u0159adu pr\u016fvodn\u00edch jev\u016f, jejich\u017e dopady zat\u00edm slo\u017eit\u011b odhadujeme. M\u011bsto bude v\u00edce rozp\u00e1len\u00e9 (pokud nic neud\u011bl\u00e1me, viz d\u00e1le). Vy\u0161\u0161\u00ed teploty povedou k&nbsp;rychlej\u0161\u00edmu odpa\u0159ov\u00e1n\u00ed vody. Tak\u017ee i kdybychom zal\u00e9vali, budeme pot\u0159ebovat v\u00edce vody. Smrkov\u00e9 lesy kolem Dob\u0159\u00ed\u0161e zde za 20-30 let u\u017e prakticky nebudou. O tom, co v&nbsp;les\u00edch poroste, se rozhoduje nyn\u00ed, kdy vlastn\u00edci osazuj\u00ed holiny po vyt\u011b\u017een\u00e9m k\u016frovcov\u00e9m d\u0159ev\u011b. Pokud tu budou n\u011bjak\u00e9 lesy, ur\u010dit\u011b budou v\u00edce pestr\u00e9 s&nbsp;vy\u0161\u0161\u00edm zastoupen\u00edm listnat\u00fdch strom\u016f. Podobn\u00e9 to bude v&nbsp;zem\u011bd\u011blstv\u00ed, n\u011bkter\u00e9 tradi\u010dn\u00ed plodiny bude obt\u00ed\u017en\u00e9 p\u011bstovat. Vedle flory se bude m\u011bnit i fauna. U\u017e nyn\u00ed zde m\u016f\u017eeme vid\u011bt migraci hmyzu, kter\u00fd se d\u0159\u00edve vyskytoval jen ve St\u0159edomo\u0159\u00ed (<a href=\"https:\/\/zpravy.aktualne.cz\/zahranici\/zmena-klimatu-vabi-hmyz-z-tropu-na-sever\/r~c4db9000ec1011e9ac760cc47ab5f122\/\">zde<\/a>). Cel\u00e1 k\u0159ehk\u00e1 rovnov\u00e1ha na\u0161eho ekosyst\u00e9mu se vychyluje.<\/p>\n\n\n\n<p>Odhady v\u0161ak nepredikuj\u00ed, \u017ee prost\u011b bude jen tepleji. Po\u010das\u00ed bude v\u00edce <strong>extr\u00e9mn\u00ed<\/strong>. V zim\u011b po\u010det dn\u016f se sn\u011bhem bude ni\u017e\u0161\u00ed ne\u017e dnes, na druhou stranu lze v&nbsp;zim\u011b \u010dekat n\u00e1hl\u00e9 propady teplot klidn\u011b k -20C. Vody se bude odpa\u0159ovat v\u00edce, celkov\u00fd \u00fahrn sr\u00e1\u017eek za rok bude podobn\u00fd. Ale! Ale spadnou sp\u00ed\u0161e v&nbsp;prudk\u00fdch bou\u0159\u00edch ne\u017e v&nbsp;m\u00edrn\u00e9m \u201em\u00e1jov\u00e9m\u201c de\u0161t\u00edku. K&nbsp;tomu se p\u0159ipravme na nebezpe\u010d\u00ed torn\u00e1d. P\u0159ed lety se tyto jevy vyskytovaly v\u00fdhradn\u011b mimo Evropu. V&nbsp;lo\u0148sk\u00e9m roce se torn\u00e1do prohnalo Ji\u017en\u00ed Moravou a nechalo za sebou pobo\u0159en\u00e9 vesnice. I z&nbsp;Dob\u0159\u00ed\u0161e jsme pos\u00edlali pomoc. V\u00fdjimka? Kdepak. Letos 18.6.2022 pusto\u0161ilo torn\u00e1do v&nbsp;<a href=\"https:\/\/www.irozhlas.cz\/zpravy-domov\/tornado-lanzhot-na-morave-v-cr-2022-v-cesku-cesko-meteorolog_2206180730_ako\">Lan\u017ehot\u011b<\/a> na Morav\u011b, na za\u010d\u00e1tku \u010dervence na <a href=\"https:\/\/www.denik.cz\/regiony\/meteorologove-potvrdili-vyskyt-tornada-na-taborsku-vir-se-dotkl-zeme-u-svin-2022.html\">T\u00e1borsku<\/a>\u2026<\/p>\n\n\n\n<p>Podle starov\u011bk\u00e9 filosofie i st\u0159edov\u011bk\u00e9 alchymie n\u00e1\u0161 sv\u011bt tvo\u0159\u00ed 4 z\u00e1kladn\u00ed elementy: <strong>Ohe\u0148<\/strong>, <strong>Vzduch<\/strong>, <strong>Voda<\/strong>, <strong>Zem\u011b<\/strong>. Jak\u00e9 zm\u011bny v&nbsp;t\u011bchto <em>\u017eivlech<\/em> m\u016f\u017eeme \u010dekat vlivem m\u011bn\u00edc\u00edho se klimatu? Jsme p\u0159ipraveni?<\/p>\n\n\n\n<p class=\"has-large-font-size\"><strong>Ohe\u0148<\/strong><\/p>\n\n\n\n<p>Leto\u0161n\u00ed po\u017e\u00e1r v\u00a0les\u00edch kolem H\u0159enska uk\u00e1zal, jak snadno se ohe\u0148 m\u016f\u017ee \u0161\u00ed\u0159it v\u00a0such\u00e9m smrkov\u00e9m lese.\u00a0 Lesy v\u00a0okol\u00ed Dob\u0159\u00ed\u0161e jsou l\u00e9pe dostupn\u00e9 a zat\u00edm nejsou tak vyschl\u00e9. I zde v\u0161ak riziko po\u017e\u00e1ru hroz\u00ed. Pod element <em>Ohn\u011b <\/em>m\u016f\u017eeme po\u010d\u00edtat i dal\u0161\u00ed zdroje tepla a vlastn\u00ed z\u00e1sobov\u00e1n\u00ed elektrickou energi\u00ed. Nakonec velk\u00e1 \u010d\u00e1st elekt\u0159iny v\u00a0\u010cR je st\u00e1le produkov\u00e1na pomoc\u00ed ho\u0159\u00edc\u00edho uhl\u00ed (45 % v r. 2021). <\/p>\n\n\n\n<figure class=\"wp-block-image size-large\"><img loading=\"lazy\" decoding=\"async\" width=\"1024\" height=\"824\" src=\"https:\/\/www.starostistarosty.cz\/wp-content\/uploads\/2022\/08\/Zdroje-el2-1024x824.jpg\" alt=\"\" class=\"wp-image-204\" srcset=\"https:\/\/www.starostistarosty.cz\/wp-content\/uploads\/2022\/08\/Zdroje-el2-1024x824.jpg 1024w, https:\/\/www.starostistarosty.cz\/wp-content\/uploads\/2022\/08\/Zdroje-el2-300x241.jpg 300w, https:\/\/www.starostistarosty.cz\/wp-content\/uploads\/2022\/08\/Zdroje-el2-768x618.jpg 768w, https:\/\/www.starostistarosty.cz\/wp-content\/uploads\/2022\/08\/Zdroje-el2.jpg 1291w\" sizes=\"auto, (max-width: 1024px) 100vw, 1024px\" \/><figcaption>Zdroj: ERU &#8211; Zpr\u00e1va o provozu elektriza\u010dn\u00ed soustavy \u010cR za r. 2021 (<a href=\"https:\/\/www.eru.cz\/zpravy-o-provozu-elektrizacni-soustavy\">zde<\/a>)<\/figcaption><\/figure>\n\n\n\n<p>Budov\u00e1n\u00ed energetick\u00e9 nez\u00e1vislosti m\u011bsta je i pro Dob\u0159\u00ed\u0161 jedno z&nbsp;hlavn\u00edch t\u00e9mat na p\u0159\u00ed\u0161t\u00ed roky. V&nbsp;Dob\u0159\u00ed\u0161i m\u00e1me nejen \u0159adu bytov\u00fdch dom\u016f, ale i m\u011bstsk\u00fdch budov v\u010d. \u0161kolek a \u0161kol vyt\u00e1p\u011bn\u00fdch plynem. Vzhledem k&nbsp;r\u016fstu ceny a nejistot\u011b spojen\u00e9 s&nbsp;v\u00e1lkou na Ukrajin\u011b mus\u00edme p\u0159em\u00fd\u0161let, \u010d\u00edm m\u016f\u017eeme plyn nahradit. Mo\u017enosti m\u00e1me v&nbsp;z\u00e1sad\u011b 3: elekt\u0159ina, tepeln\u00e1 \u010derpadla, spalovna \u0161t\u011bpky. Ka\u017ed\u00e1 z&nbsp;alternativ m\u00e1 sv\u00e1 \u00faskal\u00ed, r\u016fznou v\u00fd\u0161i investice a n\u00e1vratnosti. Zemn\u00ed plyn se nyn\u00ed prod\u00e1v\u00e1 na trhu za cenu 4000 K\u010d za 1 MWh. P\u0159itom je\u0161t\u011b p\u0159ed rokem se cena pohybovala kolem 600 K\u010d. Nesm\u00edme zapomenout ani na \u00faspory. Ka\u017ed\u00fd sn\u00ed\u017een\u00fd stupe\u0148 p\u0159i vyt\u00e1p\u011bn\u00ed se po\u010d\u00edt\u00e1.<\/p>\n\n\n\n<figure class=\"wp-block-image size-large\"><img loading=\"lazy\" decoding=\"async\" width=\"1024\" height=\"603\" src=\"https:\/\/www.starostistarosty.cz\/wp-content\/uploads\/2022\/08\/Graf-plyn-1024x603.jpg\" alt=\"\" class=\"wp-image-186\" srcset=\"https:\/\/www.starostistarosty.cz\/wp-content\/uploads\/2022\/08\/Graf-plyn-1024x603.jpg 1024w, https:\/\/www.starostistarosty.cz\/wp-content\/uploads\/2022\/08\/Graf-plyn-300x177.jpg 300w, https:\/\/www.starostistarosty.cz\/wp-content\/uploads\/2022\/08\/Graf-plyn-768x452.jpg 768w, https:\/\/www.starostistarosty.cz\/wp-content\/uploads\/2022\/08\/Graf-plyn-1536x904.jpg 1536w, https:\/\/www.starostistarosty.cz\/wp-content\/uploads\/2022\/08\/Graf-plyn-1568x923.jpg 1568w, https:\/\/www.starostistarosty.cz\/wp-content\/uploads\/2022\/08\/Graf-plyn.jpg 1694w\" sizes=\"auto, (max-width: 1024px) 100vw, 1024px\" \/><figcaption>Zemn\u00ed plyn &#8211; cena za 1 MWh<\/figcaption><\/figure>\n\n\n\n<p>U elekt\u0159iny je n\u00e1r\u016fst ceny je\u0161t\u011b v\u00fdrazn\u011bj\u0161\u00ed. M\u011bsto m\u00e1 ceny zafixov\u00e1ny do konce tohoto roku. Fixace star\u00e1 2 roky n\u00e1m garantuje velmi dobr\u00e9 ceny. Jen\u017ee na p\u0159\u00ed\u0161t\u00ed rok mus\u00edme elekt\u0159inu nakoupit. Aktu\u00e1ln\u00ed je cena ve v\u00fd\u0161i 8mi n\u00e1sobku na\u0161ich sou\u010dasn\u00fdch cen. <\/p>\n\n\n\n<figure class=\"wp-block-image size-large\"><img loading=\"lazy\" decoding=\"async\" width=\"1024\" height=\"617\" src=\"https:\/\/www.starostistarosty.cz\/wp-content\/uploads\/2022\/08\/Graf-el-1024x617.jpg\" alt=\"\" class=\"wp-image-187\" srcset=\"https:\/\/www.starostistarosty.cz\/wp-content\/uploads\/2022\/08\/Graf-el-1024x617.jpg 1024w, https:\/\/www.starostistarosty.cz\/wp-content\/uploads\/2022\/08\/Graf-el-300x181.jpg 300w, https:\/\/www.starostistarosty.cz\/wp-content\/uploads\/2022\/08\/Graf-el-768x463.jpg 768w, https:\/\/www.starostistarosty.cz\/wp-content\/uploads\/2022\/08\/Graf-el-1536x926.jpg 1536w, https:\/\/www.starostistarosty.cz\/wp-content\/uploads\/2022\/08\/Graf-el-1568x945.jpg 1568w, https:\/\/www.starostistarosty.cz\/wp-content\/uploads\/2022\/08\/Graf-el.jpg 1684w\" sizes=\"auto, (max-width: 1024px) 100vw, 1024px\" \/><figcaption>Elekt\u0159ina &#8211; cena za 1 MWh<\/figcaption><\/figure>\n\n\n\n<p>Jak\u00e9 m\u00e1me alternativy? Kde to lze budeme na st\u0159echy m\u011bstsk\u00fdch budov instalovat fotovoltaick\u00e9 panely. Loni m\u011bsto zadalo studii na 3 objekty: sportovn\u00ed halu, zimn\u00ed stadion a 4. mate\u0159skou \u0161kolku. Z&nbsp;posouzen\u00ed vyplynulo, \u017ee rozumnou n\u00e1vratnost m\u00e1 p\u0159edev\u0161\u00edm sportovn\u00ed hala, kter\u00e1 m\u00e1 velkou st\u0159echu a z\u00e1rove\u0148 velkou stabiln\u00ed spot\u0159ebu. \u0160lo by zde instalovat panely s&nbsp;celkov\u00fdm v\u00fdkonem 150 kWp (kilo-Watt-peak). I zde ale podle lo\u0148sk\u00e9 studie je odhadovan\u00e1 investice 9,2 mil K\u010d a n\u00e1vratnost 10 let p\u0159i dotaci 35%. <\/p>\n\n\n\n<figure class=\"wp-block-image size-full\"><img loading=\"lazy\" decoding=\"async\" width=\"640\" height=\"360\" src=\"https:\/\/www.starostistarosty.cz\/wp-content\/uploads\/2022\/08\/Sportovni-hala-FV.jpg\" alt=\"\" class=\"wp-image-188\" srcset=\"https:\/\/www.starostistarosty.cz\/wp-content\/uploads\/2022\/08\/Sportovni-hala-FV.jpg 640w, https:\/\/www.starostistarosty.cz\/wp-content\/uploads\/2022\/08\/Sportovni-hala-FV-300x169.jpg 300w\" sizes=\"auto, (max-width: 640px) 100vw, 640px\" \/><figcaption>FV panely na sportovn\u00ed hale &#8211; Studie od Batery Corporation<\/figcaption><\/figure>\n\n\n\n<p>Proti lo\u0148sk\u00e9mu v\u00fdpo\u010dtu ceny energi\u00ed vzrostly, ale z\u00e1rove\u0148 rostou i po\u0159izovac\u00ed n\u00e1klady, tak\u017ee hlavn\u00ed vliv na n\u00e1vratnost bude m\u00edt v\u00fd\u0161e p\u0159\u00edpadn\u00e9 dotace, kterou se m\u011bstu poda\u0159\u00ed z\u00edskat. V&nbsp;sou\u010dasnosti se p\u0159ipravuje projekt, kter\u00fd vedle z\u00e1sobov\u00e1n\u00ed sportovn\u00ed haly po\u010d\u00edt\u00e1 i s&nbsp;4 dob\u00edjec\u00edmi m\u00edsty pro elektromobily p\u0159ed sportovn\u00ed halou. Projektov\u00e1 dokumentace bude dokon\u010dena letos na podzim, p\u0159\u00ed\u0161t\u00ed rok by prob\u011bhla realizace. To za p\u0159edpokladu, \u017ee vysout\u011b\u017e\u00edme dodavatele, kter\u00fd bude schopen pot\u0159ebn\u00e9 mno\u017estv\u00ed panel\u016f dodat.<\/p>\n\n\n\n<p>Naopak u zimn\u00edho stadionu je vyu\u017eit\u00ed fotovoltaick\u00fdch panel\u016f velmi omezen\u00e9. Nejv\u011bt\u0161\u00ed spot\u0159eba je v&nbsp;zimn\u00edch m\u011bs\u00edc\u00edch, kdy je slune\u010dn\u00ed svit nejslab\u0161\u00ed. V&nbsp;letn\u00edch m\u011bs\u00edc\u00edch je naopak spot\u0159eba minim\u00e1ln\u00ed. Podobn\u011b mus\u00edme vyhodnotit mo\u017enosti instalace FV panel\u016f i na dal\u0161\u00ed budovy.<\/p>\n\n\n\n<p>Vedle hled\u00e1n\u00ed zdroj\u016f elekt\u0159iny m\u00e1 ale smysl se pod\u00edvat na jej\u00ed spot\u0159ebu nejen v&nbsp;budov\u00e1ch, ale i na ulic\u00edch. Lampy ve\u0159ejn\u00e9ho osv\u011btlen\u00ed postupn\u011b modernizujeme a instalujeme \u00fasporn\u011bj\u0161\u00ed LED osv\u011btlen\u00ed. V&nbsp;posledn\u00edch letech nap\u0159. ul. Jir\u00e1skova, U Sl\u00e1vie, Pra\u017esk\u00e1 a M\u00edrov\u00e9 n\u00e1m\u011bst\u00ed, Bezru\u010dova, B\u0159ezov\u00e1. Do konce leto\u0161n\u00edho roku prob\u011bhne celkov\u00e1 rekonstrukce ulice Okru\u017en\u00ed, i zde budou instalov\u00e1ny nov\u00e9 lampy. N\u011bkter\u00e1 m\u011bsta ale jdou v&nbsp;hled\u00e1n\u00ed \u00faspor je\u0161t\u011b d\u00e1l a ve\u0159ejn\u00e9 osv\u011btlen\u00ed v&nbsp;noci vyp\u00ednaj\u00ed, p\u0159. <a href=\"https:\/\/havlickobrodsky.denik.cz\/zpravy_region\/v-ledci-chteji-usetrit-za-energie-lampy-se-v-noci-zhasinaji-20220601.html\">Lede\u010d<\/a> nebo <a href=\"https:\/\/www.seznamzpravy.cz\/clanek\/domaci-zivot-v-cesku-v-noci-domu-s-baterkou-obce-kvuli-uspore-vypinaji-na-noc-osvetleni-200984\">Doln\u00ed B\u0159e\u017eany<\/a>. I tuto variantu mus\u00edme zv\u00e1\u017eit. Co je zat\u00edm v&nbsp;pl\u00e1nu je\u0161t\u011b letos, je instalace nov\u00e9 rozvodn\u00e9 sk\u0159\u00edn\u011b na budov\u011b radnice, kter\u00e1 bude ji\u017e obsahovat \u010dasov\u00fd sp\u00edna\u010d pro automatick\u00e9 zhas\u00edn\u00e1n\u00ed osv\u011btlen\u00ed radnice a sochy sv. \u0160ebesti\u00e1na.<\/p>\n\n\n\n<p>K&nbsp;\u00faspor\u00e1m elekt\u0159iny v&nbsp;dom\u00e1cnostech \u010di kancel\u00e1\u0159\u00edch vede tak\u00e9 d\u016fsledn\u00e9 hl\u00edd\u00e1n\u00ed teploty. \u0160pan\u011blsk\u00e1 vl\u00e1da na\u0159\u00eddila <strong>topit na max 19C<\/strong> a <strong>chladit na 27C<\/strong> (<a href=\"https:\/\/www.novinky.cz\/zahranicni\/clanek\/vytapet-jen-do-19-stupnu-chladit-nejvic-na-27-naridila-spanelska-vlada-40404834\">zde<\/a>). Odhodl\u00e1me se k&nbsp;tomu i my?<\/p>\n\n\n\n<p class=\"has-large-font-size\"><strong>Vzduch<\/strong><\/p>\n\n\n\n<p>Element vzduchu obsahuje 2 rizika: rostouc\u00ed teplotu a \u010distotu. I v&nbsp;Dob\u0159\u00ed\u0161i m\u00e1me mo\u017enosti, jak omezit n\u00e1r\u016fst teploty ve m\u011bst\u011b. T\u00edm hlavn\u00edm opat\u0159en\u00edm je roz\u0161i\u0159ov\u00e1n\u00ed zelen\u011b. Tedy s\u00e1zen\u00ed strom\u016f, ke\u0159\u016f a udr\u017eov\u00e1n\u00ed zelen\u00fdch ploch. <\/p>\n\n\n\n<figure class=\"wp-block-image size-large\"><img loading=\"lazy\" decoding=\"async\" width=\"745\" height=\"1024\" src=\"https:\/\/www.starostistarosty.cz\/wp-content\/uploads\/2022\/08\/Street-heat-Greenpeace-745x1024.jpg\" alt=\"\" class=\"wp-image-189\" srcset=\"https:\/\/www.starostistarosty.cz\/wp-content\/uploads\/2022\/08\/Street-heat-Greenpeace-745x1024.jpg 745w, https:\/\/www.starostistarosty.cz\/wp-content\/uploads\/2022\/08\/Street-heat-Greenpeace-218x300.jpg 218w, https:\/\/www.starostistarosty.cz\/wp-content\/uploads\/2022\/08\/Street-heat-Greenpeace-768x1056.jpg 768w, https:\/\/www.starostistarosty.cz\/wp-content\/uploads\/2022\/08\/Street-heat-Greenpeace-1117x1536.jpg 1117w, https:\/\/www.starostistarosty.cz\/wp-content\/uploads\/2022\/08\/Street-heat-Greenpeace.jpg 1122w\" sizes=\"auto, (max-width: 745px) 100vw, 745px\" \/><\/figure>\n\n\n\n<p>Dle v\u011bdeck\u00fdch poznatk\u016f strom ochlazuje okoln\u00ed vzduch o 3-5 stup\u0148\u016f C (<a href=\"https:\/\/ct24.ceskatelevize.cz\/veda\/2771156-stromy-ve-mestech-ochlazuji-ulice-o-vic-nez-pet-stupnu-ucinkuji-jeste-lepe-nez-se\">zde<\/a>). V&nbsp;minul\u00e9m roce bylo na \u00fazem\u00ed m\u011bsta vysazeno t\u00e9m\u011b\u0159 100 nov\u00fdch strom\u016f. Bohu\u017eel n\u00e1m ale stromy tak\u00e9 odch\u00e1z\u00ed, hromadn\u011b n\u00e1m na \u00fazem\u00ed m\u011bsta schnou star\u00e9 smrky a borovice. Pro budouc\u00ed m\u011bstsk\u00e9 stavby mus\u00edme uva\u017eovat o mo\u017enostech zelen\u00fdch st\u0159ech (kdy\u017e u\u017e tam ned\u00e1me fotovoltaick\u00e9 panely:). \u010c\u00e1st st\u0159echy radnice tak je ji\u017e roky osazena. Podobnou st\u0159echu obsahuje nap\u0159. z\u00e1m\u011br na vybudov\u00e1n\u00ed p\u0159\u00edst\u0159e\u0161ku pro kola v&nbsp;are\u00e1lu \u0161kol.<\/p>\n\n\n\n<p>Dal\u0161\u00ed m\u011bstskou zele\u0148 p\u0159edstavuje tr\u00e1va. V&nbsp;lo\u0148sk\u00e9m roce prob\u00edhaly v\u00e1\u0161niv\u00e9 diskuze zda sekat nakr\u00e1tko a kde. R\u016fzn\u00e1 v\u00fd\u0161ka tr\u00e1vy bude t\u00e9matem i pro dal\u0161\u00ed roky. Vy\u0161\u0161\u00ed tr\u00e1va zkr\u00e1tka odol\u00e1v\u00e1 v&nbsp;horku l\u00e9pe, ale nehod\u00ed se v\u0161ude.<\/p>\n\n\n\n<p>Pro \u010distotu vzduchu je vedle okoln\u00edch les\u016f a m\u011bstsk\u00e9 zelen\u011b z\u00e1sadn\u00ed zp\u016fsob vyt\u00e1p\u011bn\u00ed. Pam\u011btn\u00edci vzpom\u00ednaj\u00ed na zimn\u00ed Dob\u0159\u00ed\u0161, kdy ze v\u0161ech kom\u00edn\u016f stoupal kou\u0159 a m\u011bsto bylo t\u00fddny pod smogov\u00fdm poklopem. P\u0159ed v\u00edce jak 20 lety ale za\u010daly star\u00e9 kotle na uhl\u00ed postupn\u011b nahrazovat ty na zemn\u00ed plyn. Tato zm\u011bna podporovan\u00e1 st\u00e1tem formou kotl\u00edkov\u00fdch dotac\u00ed vedla k&nbsp;sou\u010dasn\u00e9mu stavu, kdy i v&nbsp;zim\u011b m\u00e1me a\u017e na v\u00fdjimky vzduch velmi \u010dist\u00fd. Nyn\u00ed stoj\u00edme na prahu dal\u0161\u00ed zm\u011bny a tou je n\u00e1hrada plynu. P\u016fvodn\u011b m\u011bl z\u00e1kaz topit uhl\u00edm v&nbsp;dom\u00e1cnostech v&nbsp;cel\u00e9 \u010cR platit od leto\u0161n\u00edho z\u00e1\u0159\u00ed. Vlivem v\u00e1lky na Ukrajin\u011b v\u0161ak letos poslanci rozhodli o prodlou\u017een\u00ed lh\u016fty o dal\u0161\u00ed 2 roky do 1.9.2024. Dotace v&nbsp;programu <a href=\"https:\/\/novazelenausporam.cz\/zakladni-informace\/\">Zelen\u00e1 \u00faspor\u00e1m<\/a> na v\u00fdm\u011bnu dom\u00e1c\u00edch kotl\u016f jsou nyn\u00ed sm\u011b\u0159ov\u00e1ny m\u00edsto podpory plynov\u00fdch kotl\u016f na tepeln\u00e1 \u010derpadla a fotovoltaick\u00e9 panely.<\/p>\n\n\n\n<p class=\"has-large-font-size\"><strong>Voda<\/strong><\/p>\n\n\n\n<p>Velk\u00e1 pozornost se st\u00e1\u010d\u00ed k&nbsp;rostouc\u00ed cen\u011b energi\u00ed a plynu, p\u0159itom pro n\u00e1\u0161 \u017eivot m\u00e1 je\u0161t\u011b v\u011bt\u0161\u00ed v\u00fdznam dostatek kvalitn\u00ed vody. Ka\u017ed\u00fd obyvatel v&nbsp;\u010cR v&nbsp;pr\u016fm\u011bru spot\u0159ebuje 100 litr\u016f denn\u011b. Z&nbsp;toho jen 2 litry skute\u010dn\u011b vypijeme, zbytek je myt\u00ed, pran\u00ed, splachov\u00e1n\u00ed WC atd. Aktu\u00e1ln\u00ed cena vodn\u00e9ho a sto\u010dn\u00e9ho v&nbsp;Dob\u0159\u00ed\u0161i je 115 K\u010d za m3. P\u0159itom skute\u010dn\u00e1 n\u00e1kladov\u00e1 cena je 152 K\u010d za m3. Proto i do budoucna je t\u0159eba po\u010d\u00edtat s&nbsp;postupn\u00fdm zdra\u017eov\u00e1n\u00edm vody.<\/p>\n\n\n\n<p>Na\u0161i p\u0159edci v&nbsp;minul\u00fdch des\u00edtk\u00e1ch let budovali zdroje v&nbsp;okoln\u00edch les\u00edch ve vlastnictv\u00ed rodiny Colloredo-Mannsfeld. Dnes \u010derp\u00e1me vodu z&nbsp;vrt\u016f a z\u00e1\u0159ez\u016f, kter\u00e1 m\u00e1 vysokou kvalitu a je j\u00ed dostatek. <em>Dostatkem<\/em> je m\u00edn\u011bno na b\u011b\u017enou spot\u0159ebu. Pokud by v\u0161ichni v&nbsp;Dob\u0159\u00ed\u0161i pitnou vodou tak\u00e9 zal\u00e9vali a plnili baz\u00e9ny, vody ji\u017e bude m\u00e1lo.<\/p>\n\n\n\n<figure class=\"wp-block-image size-large\"><img loading=\"lazy\" decoding=\"async\" width=\"1024\" height=\"648\" src=\"https:\/\/www.starostistarosty.cz\/wp-content\/uploads\/2022\/08\/Odber-vody-1024x648.jpg\" alt=\"\" class=\"wp-image-193\" srcset=\"https:\/\/www.starostistarosty.cz\/wp-content\/uploads\/2022\/08\/Odber-vody-1024x648.jpg 1024w, https:\/\/www.starostistarosty.cz\/wp-content\/uploads\/2022\/08\/Odber-vody-300x190.jpg 300w, https:\/\/www.starostistarosty.cz\/wp-content\/uploads\/2022\/08\/Odber-vody-768x486.jpg 768w, https:\/\/www.starostistarosty.cz\/wp-content\/uploads\/2022\/08\/Odber-vody-1536x972.jpg 1536w, https:\/\/www.starostistarosty.cz\/wp-content\/uploads\/2022\/08\/Odber-vody.jpg 1548w\" sizes=\"auto, (max-width: 1024px) 100vw, 1024px\" \/><figcaption>Celkov\u00e1 ro\u010dn\u00ed spot\u0159eba vody v Dob\u0159\u00ed\u0161i. Zdroj: VHS<\/figcaption><\/figure>\n\n\n\n<p>Dob\u0159\u00ed\u0161sk\u00e1 voda z&nbsp;vrt\u016f a z\u00e1\u0159ez\u016f te\u010de do vodojemu na Sv. Ann\u011b, kter\u00fd tvo\u0159\u00ed dv\u011b n\u00e1dr\u017ee, ka\u017ed\u00e1 na 1000m3. Odb\u011br kol\u00eds\u00e1 podle ro\u010dn\u00edho obdob\u00ed a denn\u00ed doby. V&nbsp;such\u00fdch letech je vy\u0161\u0161\u00ed. V&nbsp;noci jsou minima odb\u011br\u016f kolem 3 litr\u016f za vte\u0159inu, p\u0159es den se maxima \u0161plhaj\u00ed a\u017e k&nbsp;50 vte\u0159inov\u00fdm litr\u016fm. Pr\u016fm\u011brn\u00fd denn\u00ed odb\u011br je mezi 20-30 litry za vte\u0159inu. <\/p>\n\n\n\n<figure class=\"wp-block-image size-large\"><img loading=\"lazy\" decoding=\"async\" width=\"1024\" height=\"591\" src=\"https:\/\/www.starostistarosty.cz\/wp-content\/uploads\/2022\/08\/Denni-odber-vody-4.8.2022-1024x591.png\" alt=\"\" class=\"wp-image-190\" srcset=\"https:\/\/www.starostistarosty.cz\/wp-content\/uploads\/2022\/08\/Denni-odber-vody-4.8.2022-1024x591.png 1024w, https:\/\/www.starostistarosty.cz\/wp-content\/uploads\/2022\/08\/Denni-odber-vody-4.8.2022-300x173.png 300w, https:\/\/www.starostistarosty.cz\/wp-content\/uploads\/2022\/08\/Denni-odber-vody-4.8.2022-768x443.png 768w, https:\/\/www.starostistarosty.cz\/wp-content\/uploads\/2022\/08\/Denni-odber-vody-4.8.2022-1536x887.png 1536w, https:\/\/www.starostistarosty.cz\/wp-content\/uploads\/2022\/08\/Denni-odber-vody-4.8.2022-1568x905.png 1568w, https:\/\/www.starostistarosty.cz\/wp-content\/uploads\/2022\/08\/Denni-odber-vody-4.8.2022.png 1769w\" sizes=\"auto, (max-width: 1024px) 100vw, 1024px\" \/><figcaption>Graf denn\u00edho odb\u011bru vody v Dob\u0159\u00ed\u0161i za 4.8.2022. Zdroj: VHS<\/figcaption><\/figure>\n\n\n\n<p>Pokud je such\u00e9 obdob\u00ed, za\u010dnou vodu z&nbsp;vodovodu odeb\u00edrat i domy, kter\u00e9 jinak vyu\u017e\u00edvaj\u00ed vlastn\u00ed studny. Odb\u011br r\u00e1zem posko\u010d\u00ed o 20 %. A kdy\u017e se k&nbsp;tomu p\u0159id\u00e1 je\u0161t\u011b zal\u00e9v\u00e1n\u00ed, za\u010dnou na dispe\u010dinku <a href=\"https:\/\/www.vhs-dobris.cz\/\">VHS<\/a> vyskakovat \u010derven\u00e9 vyk\u0159i\u010dn\u00edky. Pokud by do vodojemu nep\u0159it\u00e9kala \u017e\u00e1dn\u00e1 voda, nap\u0159\u00edklad kdyby ne\u0161el proud pro \u010derpadla, nebo by se ve vrtech vyskytl jin\u00fd probl\u00e9m, pak napln\u011bn\u00fd vodojem (2x1milion litr\u016f) p\u0159i odb\u011bru 20l\/s by vysta\u010dil na 27hodin! Za necel\u00e9 dva dny bychom byli na suchu. Na hospoda\u0159en\u00ed s&nbsp;vodou i celkov\u00e9 n\u00e1klady m\u00e1 v\u00fdrazn\u00fd vliv tak\u00e9 mno\u017estv\u00ed ztr\u00e1t v&nbsp;potrub\u00ed. D\u00edky postupn\u00fdm n\u00e1hrad\u00e1m star\u00fdch litinov\u00fdch trubek za plast se da\u0159\u00ed VHS sni\u017eovat ztr\u00e1ty, v&nbsp;r. 2021 \u010dinily 13,7 %. &nbsp;<\/p>\n\n\n\n<figure class=\"wp-block-image size-large\"><img loading=\"lazy\" decoding=\"async\" width=\"1024\" height=\"443\" src=\"https:\/\/www.starostistarosty.cz\/wp-content\/uploads\/2022\/08\/Ztraty-vody-v-procentech-1024x443.jpg\" alt=\"\" class=\"wp-image-191\" srcset=\"https:\/\/www.starostistarosty.cz\/wp-content\/uploads\/2022\/08\/Ztraty-vody-v-procentech-1024x443.jpg 1024w, https:\/\/www.starostistarosty.cz\/wp-content\/uploads\/2022\/08\/Ztraty-vody-v-procentech-300x130.jpg 300w, https:\/\/www.starostistarosty.cz\/wp-content\/uploads\/2022\/08\/Ztraty-vody-v-procentech-768x333.jpg 768w, https:\/\/www.starostistarosty.cz\/wp-content\/uploads\/2022\/08\/Ztraty-vody-v-procentech-1536x665.jpg 1536w, https:\/\/www.starostistarosty.cz\/wp-content\/uploads\/2022\/08\/Ztraty-vody-v-procentech-2048x887.jpg 2048w, https:\/\/www.starostistarosty.cz\/wp-content\/uploads\/2022\/08\/Ztraty-vody-v-procentech-1568x679.jpg 1568w\" sizes=\"auto, (max-width: 1024px) 100vw, 1024px\" \/><figcaption>Ztr\u00e1ty vody v % z celkov\u011b vyroben\u00e9 vody. Zdroj VHS<\/figcaption><\/figure>\n\n\n\n<p>Co d\u00e1l? Vedle pr\u016fb\u011b\u017en\u00e9 obnovy infrastruktury p\u0159ipravuje VHS projekt na roz\u0161\u00ed\u0159en\u00ed vodojemu na Sv. Ann\u011b o t\u0159et\u00ed komoru s&nbsp;kapacitou 1000m3. Odhadovan\u00fd n\u00e1klad 25-30mil K\u010d, \u010d\u00e1st n\u00e1klad\u016f by m\u011bla pokr\u00fdt dotace. Dal\u0161\u00edm p\u0159ipravovan\u00fdm projektem je hled\u00e1n\u00ed dal\u0161\u00edch zdroj\u016f vody v&nbsp;les\u00edch kolem Voznice, kter\u00e9 by odhadem mohly poskytovat 3 vte\u0159inov\u00e9 litry. Hlavn\u00ed akc\u00ed je ale p\u0159ipravovan\u00fd projekt tzv. p\u0159ivad\u011b\u010de. Podle n\u00e1zoru odborn\u00edk\u016f se v&nbsp;bl\u00edzk\u00e9 budoucnosti i Dob\u0159\u00ed\u0161 m\u016f\u017ee pot\u00fdkat s&nbsp;nedostatem vody jednak kv\u016fli vysych\u00e1n\u00ed okoln\u00edch les\u016f a jednak vlivem p\u0159edpokl\u00e1dan\u00e9ho r\u016fstu po\u010dtu obyvatel. <strong>P\u0159ivad\u011b\u010d <\/strong>by m\u011bl jednak propojit Dob\u0159\u00ed\u0161 a okoln\u00ed obce Dob\u0159\u00ed\u0161ska a Novokn\u00ednska a z\u00e1rove\u0148 by celou tuto soustavu m\u011bl napojit na nov\u00fd vysokokapacitn\u00ed zdroj vody. T\u00edm je v&nbsp;na\u0161em regionu jen Vltava. Jednou&nbsp;mo\u017enost\u00ed je napojen\u00ed na soustavu P\u0159\u00edbramska, kte\u0159\u00ed ji\u017e \u010derpaj\u00ed vodu z&nbsp;Vltavy v&nbsp;Solenic\u00edch a jsou schopni ji poskytovat i n\u00e1m. Druhou mo\u017enost\u00ed by bylo vybudovat vlastn\u00ed odb\u011brn\u00e9 m\u00edsto a \u00fapravnu vody v&nbsp;Hubenovsk\u00e9 z\u00e1toce. Cena cel\u00e9ho d\u00edla byla p\u0159ed dv\u011bma roky odhadov\u00e1na na 680 mil K\u010d bez DPH. V\u00edce <a href=\"https:\/\/www.mestodobris.cz\/zasobovani-dobrisska-a-novokninska-pitnou-vodou-investicni-zamer-aktualizace-2020\/ds-26036\/archiv=1\">zde<\/a>. <\/p>\n\n\n\n<p>T\u00edm ale pr\u00e1ce s&nbsp;vodou nekon\u010d\u00ed. U\u017e v&nbsp;leto\u0161n\u00edm roce byla dal\u0161\u00ed sportovi\u0161t\u011b v&nbsp;Lipk\u00e1ch napojena na u\u017eitkovou vodu. Ji\u017e roky ji vyu\u017e\u00edvaj\u00ed ve fotbalov\u00e9m are\u00e1lu, letos byly p\u0159ipojeny tenisov\u00e9 kurty. Vyu\u017eit\u00ed u\u017eitkov\u00e9 vody bude d\u00e1l pokra\u010dovat. Podobn\u011b mus\u00edme v\u0161ichni v&nbsp;dom\u00e1cnostech p\u0159em\u00fd\u0161let nad \u00fasporami. Zachyt\u00e1vat de\u0161\u0165ovou vodu pro zal\u00e9v\u00e1n\u00ed \u010di vodu recyklovat a pou\u017e\u00edvat tzv. <a href=\"https:\/\/vodarium.cz\/vyuziti-sede-odpadni-vody\/\">\u0161edou vodu<\/a>.&nbsp;<\/p>\n\n\n\n<p>V&nbsp;oblasti nakl\u00e1d\u00e1n\u00ed s&nbsp;vodou v\u0161ak ne\u0159e\u0161\u00edme jen situace, kdy je vody m\u00e1lo. I Dob\u0159\u00ed\u0161i mohou hrozit <strong>povodn\u011b<\/strong>. V&nbsp;uplynul\u00fdch letech se n\u011bkolikr\u00e1t stalo, \u017ee p\u0159\u00edvalov\u00fd d\u00e9\u0161\u0165 na podzim stekl na z\u00e1padn\u00edm okraji m\u011bsta z&nbsp;pol\u00ed do zahrad a ulic a vytopil sklepy. <\/p>\n\n\n\n<figure class=\"wp-block-image size-large\"><img loading=\"lazy\" decoding=\"async\" width=\"1024\" height=\"768\" src=\"https:\/\/www.starostistarosty.cz\/wp-content\/uploads\/2022\/08\/Povodne-1.9.2019-1024x768.jpg\" alt=\"\" class=\"wp-image-197\" srcset=\"https:\/\/www.starostistarosty.cz\/wp-content\/uploads\/2022\/08\/Povodne-1.9.2019-1024x768.jpg 1024w, https:\/\/www.starostistarosty.cz\/wp-content\/uploads\/2022\/08\/Povodne-1.9.2019-300x225.jpg 300w, https:\/\/www.starostistarosty.cz\/wp-content\/uploads\/2022\/08\/Povodne-1.9.2019-768x576.jpg 768w, https:\/\/www.starostistarosty.cz\/wp-content\/uploads\/2022\/08\/Povodne-1.9.2019-1536x1152.jpg 1536w, https:\/\/www.starostistarosty.cz\/wp-content\/uploads\/2022\/08\/Povodne-1.9.2019-2048x1536.jpg 2048w, https:\/\/www.starostistarosty.cz\/wp-content\/uploads\/2022\/08\/Povodne-1.9.2019-1568x1176.jpg 1568w\" sizes=\"auto, (max-width: 1024px) 100vw, 1024px\" \/><figcaption>Zatopen\u00e9 zahrady v Dob\u0159\u00ed\u0161i z 1.9.2019. Foto Jakub M\u00e1cha<\/figcaption><\/figure>\n\n\n\n<p>K&nbsp;tomu ji\u017e m\u011bsto m\u00e1 studii protipovod\u0148ov\u00fdch opat\u0159en\u00ed z&nbsp;r. 2021 (<a href=\"https:\/\/www.mestodobris.cz\/studie-protipovodnovych-opatreni-zapadni-cast-mesta\/d-482449\">zde<\/a>). Tato studie poslou\u017eila jako vstup do \u0161ir\u0161\u00ed anal\u00fdzy mo\u017en\u00fdch opat\u0159en\u00ed na cel\u00e9m toku Koc\u00e1by, kter\u00fd pro Povod\u00ed Vltavy zpracov\u00e1v\u00e1 firma Sweco Hydroprojekt. Aktu\u00e1ln\u011b prob\u011bhla ji\u017e osloven\u00ed vlastn\u00edk\u016f pozemk\u016f, kde by se protipovod\u0148ov\u00e1 opat\u0159en\u00ed m\u011bla realizovat. F\u00e1ze Vyhodnocen\u00ed by m\u011bla b\u00fdt dokon\u010dena letos v&nbsp;\u0159\u00edjnu. Na b\u0159ezen 2023 je pl\u00e1nov\u00e1na finalizace cel\u00e9 anal\u00fdzy. Detaily studie najdete <a href=\"https:\/\/sweco.urbido.cz\/kocaba\">zde<\/a>. Povod\u00ed Vltavy si podle studie vybere oblasti, kde do protipovod\u0148ov\u00fdch opat\u0159en\u00ed bude investovat. Pokud t\u00edmto m\u00edstem bude i na\u0161e oblast pol\u00ed na z\u00e1padn\u00edm okraji m\u011bsta, postar\u00e1 se o realizaci Povod\u00ed. Pokud si v\u0161ak vyberou jin\u00e9 \u010d\u00e1sti, z\u016fstane realizace a tedy i financov\u00e1n\u00ed na m\u011bst\u011b.<\/p>\n\n\n\n<p class=\"has-large-font-size\"><strong>Zem\u011b<\/strong><\/p>\n\n\n\n<p>V&nbsp;elementu <em>Vzduch<\/em> jsme se dotkli pot\u0159eby zelen\u011b. Ta s&nbsp;elementem <em>Zem\u011b <\/em>\u00fazce souvis\u00ed. Mapu dob\u0159\u00ed\u0161sk\u00e9 zelen\u011b najdete <a href=\"https:\/\/gis.mestodobris.cz\/mapa\/mapa-zelene\/\">zde<\/a>. V&nbsp;posledn\u00edch letech jsme v&nbsp;Dob\u0159\u00ed\u0161i obnovili tyto zelen\u00e9 plochy: rekultivace a zp\u0159\u00edstupn\u011bn\u00ed Jedlov\u00e9ho h\u00e1jku u Anglick\u00e9ho parku. Zde bylo odt\u011b\u017eeno napaden\u00e9 k\u016frovcov\u00e9 d\u0159evo, &nbsp;dobudov\u00e1ny chodn\u00ed\u010dky a vybudov\u00e1na vsakovac\u00ed t\u016f\u0148ka. Po zbour\u00e1n\u00ed budovy b\u00fdval\u00e9ho kina v&nbsp;m\u00edst\u011b vznikl dal\u0161\u00ed par\u010d\u00edk s&nbsp;t\u00edm, \u017ee vzrostl\u00e9 stromy byly zachov\u00e1ny. V&nbsp;lo\u0148sk\u00e9m roce prob\u011bhly tak\u00e9 \u00fapravy b\u0159ehu rybn\u00edku u Pape\u017eanky tak, aby zde vnikla odpo\u010dinkov\u00e1 z\u00f3na pro koup\u00e1n\u00ed v\u010d. nov\u00e9ho mola, upraven\u00fdch schod\u016f do vody, dvou d\u011btsk\u00fdch p\u00edskovi\u0161\u0165 a v\u00fdsadby nov\u00fdch strom\u016f.<\/p>\n\n\n\n<p>Byly dokon\u010deny a schv\u00e1leny \u00fazemn\u00ed studie Severn\u00ed b\u0159eh Pape\u017ee (<a href=\"https:\/\/www.mestodobris.cz\/uzemni-studie-brehu-rybnika-papez\/d-479864\">zde<\/a>) a oblast Brodce (<a href=\"https:\/\/mestodobris.cz\/uzemni-studie-brodce\/d-485267\">zde<\/a>). V&nbsp;obou lokalit\u00e1ch je po\u010d\u00edt\u00e1no s&nbsp;velk\u00fdmi plochami ve\u0159ejn\u011b p\u0159\u00edstupn\u00e9 zelen\u011b. Na severn\u00edm b\u0159ehu Pape\u017ee by m\u011bly b\u00fdt dobudov\u00e1ny mlatov\u00e9 cesty a dosazeny stromy. V&nbsp;oblasti Brodc\u016f po\u010d\u00edt\u00e1 studie z&nbsp;vybudov\u00e1n\u00edm voln\u011b p\u0159\u00edstupn\u00e9 zelen\u011b v&nbsp;m\u00edstech sou\u010dasn\u00fdch ohrad a vysazen\u00ed nov\u00e9ho stromo\u0159ad\u00ed pod\u00e9l cesty. O tom, kdy a zda v\u016fbec za\u010dne realizace t\u011bchto pl\u00e1n\u016f, budou rozhodovat zastupitel\u00e9 v&nbsp;r\u00e1mci schvalov\u00e1n\u00ed rozpo\u010dtu na p\u0159\u00ed\u0161t\u00ed rok.<\/p>\n\n\n\n<p>Element <em>Zem\u011b <\/em>nen\u00ed jen o tom, co z&nbsp;n\u00ed vyr\u016fst\u00e1 a co si z&nbsp;n\u00ed bereme, ale i o tom, co do n\u00ed vkl\u00e1d\u00e1me. <strong>Odpady <\/strong>z&nbsp;cel\u00e9ho m\u011bsta a okol\u00ed se ji\u017e \u0159adu let sypou do skl\u00e1dky Byt\u00edz. <\/p>\n\n\n\n<figure class=\"wp-block-embed is-type-video is-provider-youtube wp-block-embed-youtube wp-embed-aspect-16-9 wp-has-aspect-ratio\"><div class=\"wp-block-embed__wrapper\">\n<iframe loading=\"lazy\" title=\"Dob\u0159\u00ed\u0161sk\u00fd odpad na skl\u00e1dce\" width=\"750\" height=\"422\" src=\"https:\/\/www.youtube.com\/embed\/_lJ_fMPgiog?feature=oembed\" frameborder=\"0\" allow=\"accelerometer; autoplay; clipboard-write; encrypted-media; gyroscope; picture-in-picture\" allowfullscreen><\/iframe>\n<\/div><figcaption>Ukl\u00e1d\u00e1n\u00ed odpadu z Dob\u0159\u00ed\u0161e na skl\u00e1dku Byt\u00edz<\/figcaption><\/figure>\n\n\n\n<p>Nen\u00ed to moc ekologick\u00e9, ale je to v&nbsp;tuto chv\u00edli dostupn\u00e1 a prakticky jedin\u00e1 re\u00e1ln\u00e1 varianta. Z\u00e1kaz skl\u00e1dkov\u00e1n\u00ed byl v&nbsp;\u010cR odlo\u017een a\u017e do roku 2035. Ji\u017e dnes ale m\u016f\u017eeme ovlivnit, co do zem\u011b budeme zakop\u00e1vat t\u00edm, \u017ee sm\u011bsn\u00fd komun\u00e1ln\u00ed odpad budeme minimalizovat. A to jednak d\u016fsledn\u00fdm t\u0159\u00edd\u011bn\u00edm plastu, pap\u00edru, kovu, skla, oleje, bioslo\u017eek \u2026kter\u00e9 lze d\u00e1le vyu\u017e\u00edt, ale i t\u00edm, \u017ee budeme ve\u0161ker\u00e9ho odpadu produkovat m\u00e9n\u011b. T\u0159eba tak, \u017ee podpo\u0159\u00edme cirkul\u00e1rn\u00ed ekonomiku a v\u011bcem na vyhozen\u00ed d\u00e1me druhou \u0161anci, nap\u0159\u00edklad inzer\u00e1tem ve facebookov\u00e9 skupin\u011b <a href=\"https:\/\/www.facebook.com\/groups\/1703442886542368\">Dob\u0159\u00ed\u0161: Za odvoz<\/a>.<\/p>\n\n\n\n<p class=\"has-large-font-size\"><strong>Nebude to zadarmo<\/strong><\/p>\n\n\n\n<p>V\u0161echny tyto zm\u011bny budou velmi n\u00e1kladn\u00e9. P\u0159edev\u0161\u00edm oblast energetick\u00e9 nez\u00e1vislosti m\u011bsta a vody m\u016f\u017ee v&nbsp;dal\u0161\u00edch letech spolknout velkou \u010d\u00e1st m\u011bstsk\u00e9ho rozpo\u010dtu. P\u016fjde o investice v&nbsp;des\u00edtk\u00e1ch a\u017e stovk\u00e1ch milion\u016f korun. \u010cek\u00e1 n\u00e1s t\u011b\u017ek\u00e9 rozhodov\u00e1n\u00ed na \u00farovni zda topit ve \u0161kol\u00e1ch nebo opravovat ulice. Zda chladit v&nbsp;l\u00e9t\u011b rozp\u00e1len\u00e9 kancel\u00e1\u0159e a t\u0159\u00eddy nebo v&nbsp;zim\u011b led na stadionu. Zda vyp\u00ednat osv\u011btlen\u00ed ulic. Zda vozit vodu cisternami nebo zal\u00e9vat v\u00fdhradn\u011b de\u0161\u0165ovkou. Zda zapnout pra\u010dku v&nbsp;8 r\u00e1no nebo rad\u011bji v&nbsp;8 ve\u010der\u2026<\/p>\n\n\n\n<p>I kdy\u017e to m\u016f\u017ee vypadat, \u017ee o zm\u011bn\u011b klimatu se rozhoduje v&nbsp;Praze, Bruselu nebo Pekingu, ka\u017ed\u00fd z&nbsp;n\u00e1s m\u016f\u017ee trochu p\u0159isp\u011bt. \u010c\u00edm? Obecn\u011b p\u0159em\u00fd\u0161let nad po\u0159izov\u00e1n\u00edm nov\u00fdch v\u011bc\u00ed, t\u0159\u00eddit a minimalizovat odpad, \u0161et\u0159it vodou, uskrovnit se v&nbsp;n\u00e1roc\u00edch na tepeln\u00fd komfort doma \u010di v&nbsp;pr\u00e1ci, pohybovat se v\u00edce vlastn\u00ed silou, vzd\u011bl\u00e1vat se, p\u0159em\u00fd\u0161let a diskutovat. Nezajist\u00ed to p\u0159e\u017eit\u00ed lidsk\u00e9ho druhu, ale zvy\u0161uje to na\u0161e \u0161ance.<\/p>\n\n\n\n<figure class=\"wp-block-image size-large\"><img loading=\"lazy\" decoding=\"async\" width=\"1024\" height=\"591\" src=\"https:\/\/www.starostistarosty.cz\/wp-content\/uploads\/2022\/08\/Lukas-1-1024x591.jpg\" alt=\"\" class=\"wp-image-194\" srcset=\"https:\/\/www.starostistarosty.cz\/wp-content\/uploads\/2022\/08\/Lukas-1-1024x591.jpg 1024w, https:\/\/www.starostistarosty.cz\/wp-content\/uploads\/2022\/08\/Lukas-1-300x173.jpg 300w, https:\/\/www.starostistarosty.cz\/wp-content\/uploads\/2022\/08\/Lukas-1-768x443.jpg 768w, https:\/\/www.starostistarosty.cz\/wp-content\/uploads\/2022\/08\/Lukas-1.jpg 1080w\" sizes=\"auto, (max-width: 1024px) 100vw, 1024px\" \/><\/figure>\n","protected":false},"excerpt":{"rendered":"<p>Pr\u016fb\u011bh leto\u0161n\u00edho l\u00e9ta je dal\u0161\u00edm d\u016fkazem, \u017ee se klima m\u011bn\u00ed. T\u0159icetistup\u0148ov\u00e9 teploty nejsou v\u00fdjimkou a sr\u00e1\u017eek nen\u00ed mnoho. Co m\u016f\u017eeme \u010dekat? Co m\u016f\u017eeme d\u011blat? A co jsme ji\u017e ud\u011blali? M\u016f\u017eeme se p\u0159\u00edt o n\u00e1zor, zda za zm\u011bny po\u010das\u00ed m\u016f\u017ee \u010dlov\u011bk. M\u016f\u017eem se p\u0159\u00edt o to, zda jevy jsou nahodil\u00e9 nebo jde o dlouhodob\u00fd trend. Ne\u017e&hellip; <a class=\"more-link\" href=\"https:\/\/www.starostistarosty.cz\/?p=182\">Pokra\u010dovat ve\u00a0\u010dten\u00ed <span class=\"screen-reader-text\">P\u0159e\u017eijeme v  Dob\u0159\u00ed\u0161i zm\u011bny klimatu?<\/span><\/a><\/p>\n","protected":false},"author":1,"featured_media":0,"comment_status":"closed","ping_status":"","sticky":false,"template":"","format":"standard","meta":{"om_disable_all_campaigns":false,"_monsterinsights_skip_tracking":false,"_monsterinsights_sitenote_active":false,"_monsterinsights_sitenote_note":"","_monsterinsights_sitenote_category":0,"_uf_show_specific_survey":0,"_uf_disable_surveys":false,"footnotes":""},"categories":[1],"tags":[],"class_list":["post-182","post","type-post","status-publish","format-standard","hentry","category-uncategorized","entry"],"aioseo_notices":[],"_links":{"self":[{"href":"https:\/\/www.starostistarosty.cz\/index.php?rest_route=\/wp\/v2\/posts\/182","targetHints":{"allow":["GET"]}}],"collection":[{"href":"https:\/\/www.starostistarosty.cz\/index.php?rest_route=\/wp\/v2\/posts"}],"about":[{"href":"https:\/\/www.starostistarosty.cz\/index.php?rest_route=\/wp\/v2\/types\/post"}],"author":[{"embeddable":true,"href":"https:\/\/www.starostistarosty.cz\/index.php?rest_route=\/wp\/v2\/users\/1"}],"replies":[{"embeddable":true,"href":"https:\/\/www.starostistarosty.cz\/index.php?rest_route=%2Fwp%2Fv2%2Fcomments&post=182"}],"version-history":[{"count":7,"href":"https:\/\/www.starostistarosty.cz\/index.php?rest_route=\/wp\/v2\/posts\/182\/revisions"}],"predecessor-version":[{"id":206,"href":"https:\/\/www.starostistarosty.cz\/index.php?rest_route=\/wp\/v2\/posts\/182\/revisions\/206"}],"wp:attachment":[{"href":"https:\/\/www.starostistarosty.cz\/index.php?rest_route=%2Fwp%2Fv2%2Fmedia&parent=182"}],"wp:term":[{"taxonomy":"category","embeddable":true,"href":"https:\/\/www.starostistarosty.cz\/index.php?rest_route=%2Fwp%2Fv2%2Fcategories&post=182"},{"taxonomy":"post_tag","embeddable":true,"href":"https:\/\/www.starostistarosty.cz\/index.php?rest_route=%2Fwp%2Fv2%2Ftags&post=182"}],"curies":[{"name":"wp","href":"https:\/\/api.w.org\/{rel}","templated":true}]}}