{"id":273,"date":"2023-04-14T19:32:09","date_gmt":"2023-04-14T19:32:09","guid":{"rendered":"https:\/\/www.starostistarosty.cz\/?p=273"},"modified":"2023-04-14T19:32:09","modified_gmt":"2023-04-14T19:32:09","slug":"v-dobrisi-se-chodi-pesky-do-skoly","status":"publish","type":"post","link":"https:\/\/www.starostistarosty.cz\/?p=273","title":{"rendered":"V Dob\u0159\u00ed\u0161i se chod\u00ed p\u011b\u0161ky do \u0161koly"},"content":{"rendered":"\n<p>V\u00a0Dob\u0159\u00ed\u0161i, podobn\u011b jako v\u00a0mnoha dal\u0161\u00edch m\u011bstech v\u00a0\u010cesk\u00e9 republice, je vozen\u00ed d\u011bt\u00ed autem do \u0161koly \u010dast\u00fdm jevem. V\u00a0r. 2021 prob\u011bhl pr\u016fzkum mezi dob\u0159\u00ed\u0161sk\u00fdmi \u0161kol\u00e1ky, jak se dopravuj\u00ed do \u0161koly (v\u00fdsledky <a href=\"https:\/\/mestodobris.cz\/do-skoly-na-kole-vysledky-ankety-v-dobrisskych-skolach\/d-483721\">zde<\/a>). Nejv\u011bt\u0161\u00ed pod\u00edl m\u011bla ve\u0159ejn\u00e1 doprava 41%, p\u011b\u0161ky chod\u00ed 34%, mama-taxi vyu\u017e\u00edv\u00e1 18%. I kdy\u017e je doprava autem a\u017e na t\u0159et\u00edm m\u00edst\u011b, p\u0159esto zna\u010dn\u011b komplikuje situaci p\u0159ed za\u010d\u00e1tkem vyu\u010dov\u00e1n\u00ed v\u00a0okol\u00ed \u0161kol.\u00a0Do obou z\u00e1kladek chod\u00ed t\u00e9m\u011b\u0159 1600 \u017e\u00e1k\u016f. A typick\u00fdm jevem je auto s\u00a0jednou maminkou a jedn\u00edm \u0161kol\u00e1kem. 18% \u017e\u00e1k\u016f znamen\u00e1, \u017ee ke \u0161kole m\u016f\u017ee p\u0159ijet i 288 aut denn\u011b.<\/p>\n\n\n\n<figure class=\"wp-block-image size-large\"><img loading=\"lazy\" decoding=\"async\" width=\"1024\" height=\"591\" src=\"https:\/\/www.starostistarosty.cz\/wp-content\/uploads\/2023\/04\/pako_dobris_small_school_kid_cannot_cross_very_busy_street_in_a_6e80dcff-daa4-4614-8c2b-6ebcec33ffdd-1024x591.png\" alt=\"\" class=\"wp-image-274\" srcset=\"https:\/\/www.starostistarosty.cz\/wp-content\/uploads\/2023\/04\/pako_dobris_small_school_kid_cannot_cross_very_busy_street_in_a_6e80dcff-daa4-4614-8c2b-6ebcec33ffdd-1024x591.png 1024w, https:\/\/www.starostistarosty.cz\/wp-content\/uploads\/2023\/04\/pako_dobris_small_school_kid_cannot_cross_very_busy_street_in_a_6e80dcff-daa4-4614-8c2b-6ebcec33ffdd-300x173.png 300w, https:\/\/www.starostistarosty.cz\/wp-content\/uploads\/2023\/04\/pako_dobris_small_school_kid_cannot_cross_very_busy_street_in_a_6e80dcff-daa4-4614-8c2b-6ebcec33ffdd-768x443.png 768w, https:\/\/www.starostistarosty.cz\/wp-content\/uploads\/2023\/04\/pako_dobris_small_school_kid_cannot_cross_very_busy_street_in_a_6e80dcff-daa4-4614-8c2b-6ebcec33ffdd-1536x886.png 1536w, https:\/\/www.starostistarosty.cz\/wp-content\/uploads\/2023\/04\/pako_dobris_small_school_kid_cannot_cross_very_busy_street_in_a_6e80dcff-daa4-4614-8c2b-6ebcec33ffdd-1568x905.png 1568w, https:\/\/www.starostistarosty.cz\/wp-content\/uploads\/2023\/04\/pako_dobris_small_school_kid_cannot_cross_very_busy_street_in_a_6e80dcff-daa4-4614-8c2b-6ebcec33ffdd.png 1664w\" sizes=\"auto, (max-width: 1024px) 100vw, 1024px\" \/><figcaption class=\"wp-element-caption\"><em>Obr\u00e1zek &#8211; zdroj AI<\/em><\/figcaption><\/figure>\n\n\n\n<p>Dal\u0161\u00edch t\u00e9m\u011b\u0159 500 student\u016f nav\u0161t\u011bvuje bl\u00edzk\u00e9 gymn\u00e1zium. A k\u00a0tomu celkem 300 zam\u011bstnanc\u016f 2 z\u00e1kladn\u00edch \u0161kol a gymplu. I z\u00a0nich velk\u00e1 \u010d\u00e1st doj\u00ed\u017ed\u00ed do pr\u00e1ce autem (ka\u017ed\u00fd sv\u00fdm:(. P\u0159ed osmou r\u00e1no se tak v\u00a0bl\u00edzkosti \u0161kol pohybuje t\u00e9m\u011b\u0159 2000 \u017e\u00e1k\u016f a student\u016f a stovky aut. Je pro \u017e\u00e1ky cesta do \u0161koly bezpe\u010dn\u00e1?<\/p>\n\n\n\n<figure class=\"wp-block-embed is-type-video is-provider-youtube wp-block-embed-youtube wp-embed-aspect-16-9 wp-has-aspect-ratio\"><div class=\"wp-block-embed__wrapper\">\n<iframe loading=\"lazy\" title=\"Doprava p\u0159ed Z\u0160 Komensk\u00e9ho Dob\u0159\u00ed\u0161 13.3.2023\" width=\"750\" height=\"422\" src=\"https:\/\/www.youtube.com\/embed\/fYWfV8FEiAM?feature=oembed\" frameborder=\"0\" allow=\"accelerometer; autoplay; clipboard-write; encrypted-media; gyroscope; picture-in-picture; web-share\" allowfullscreen><\/iframe>\n<\/div><figcaption class=\"wp-element-caption\"><em>Kolik napo\u010d\u00edt\u00e1te za 30 min aut p\u0159ed \u0161kolou?<\/em><\/figcaption><\/figure>\n\n\n\n<p>Podle zpr\u00e1vy UNICEF z\u00a0r. 2020 (<a href=\"https:\/\/www.unicef-irc.org\/publications\/pdf\/Report-Card-16-Worlds-of-Influence-child-wellbeing.pdf\">zde<\/a>) jsou v\u00a0celosv\u011btov\u00e9m srovn\u00e1n\u00ed nejspokojen\u011bj\u0161\u00ed mlad\u00ed lid\u00e9 v\u00a0Holandsku, D\u00e1nsku a Norsku. Na konci tabulky je naopak Chile, Bulharsko a USA. \u010cesk\u00e1 republika je n\u011bkde uprost\u0159ed. I kdy\u017e to nen\u00ed jedin\u00fd faktor, svoboda pohybu po bezpe\u010dn\u00e9m m\u011bst\u011b a v\u011bt\u0161\u00ed samostatnost zvy\u0161uj\u00ed sebed\u016fv\u011bru a spokojenost \u017e\u00e1k\u016f a student\u016f. M\u011blo by b\u00fdt spole\u010dn\u00fdm c\u00edlem v\u0161ech dosp\u011bl\u00fdch, aby se d\u011bti co nejd\u0159\u00edve nau\u010dily pohybovat po m\u011bst\u011b sami. <\/p>\n\n\n\n<p>Obzvl\u00e1\u0161\u0165 to plat\u00ed pro m\u011bsto kr\u00e1tk\u00fdch vzd\u00e1lenost\u00ed jako je Dob\u0159\u00ed\u0161. P\u0159ej\u00edt z\u00a0<em>okraje <\/em>do \u0161koly v <em>centru<\/em> trv\u00e1 max 30min, na kole je\u0161t\u011b m\u00e9n\u011b. Podle v\u00fd\u0161e uveden\u00e9ho pr\u016fzkumu tr\u00e1v\u00ed 9-16l\u00e9t\u00e9 \u010desk\u00e9 d\u011bti na mobilech pr\u016fm\u011brn\u011b 150min denn\u011b. To je v\u00edce ne\u017e dvojn\u00e1sobek \u010dasu, co jim zabere cesta po Dob\u0159\u00ed\u0161i p\u011b\u0161ky do \u0161koly a zp\u011bt. V\u00edme, \u017ee d\u011bti maj\u00ed m\u00e1lo pohybu. V\u00edme, \u017ee se zvy\u0161uje pod\u00edl d\u011bt\u00ed, kter\u00e9 trp\u00ed nadv\u00e1hou. V\u00edme, \u017ee n\u00e1r\u016fst aut je doprov\u00e1zen dal\u0161\u00ed negativn\u00edmi jevy jako je hluk a zne\u010di\u0161t\u011bn\u00ed ovzdu\u0161\u00ed. Tak pro\u010d d\u011bti voz\u00edme auty?<\/p>\n\n\n\n<p class=\"has-large-font-size\"><strong>\u0160koln\u00ed ulice v&nbsp;Dob\u0159\u00ed\u0161i \u2013 3 t\u00fddenn\u00ed experiment<\/strong><\/p>\n\n\n\n<p>Ve dnech 24.4.-12.5.2023 bude ulice Za Po\u0161tou v\u00a0bl\u00edzkosti \u0161kol uzav\u0159ena ve \u0161koln\u00ed dny v\u00a0dob\u011b 7:30-8:00 v\u00a0r\u00e1mci projektu P\u011b\u0161ky do \u0161koly (v\u00edce <a href=\"https:\/\/peskymestem.cz\/projekt\/pesky-do-skoly\/\">zde<\/a>). K tomu u\u017e prob\u00edh\u00e1 osv\u011btov\u00e1 akce a dotazn\u00edkov\u00e9 \u0161et\u0159en\u00ed mezi rodi\u010di i obyvateli m\u011bsta. Podobn\u00e1 anketa prob\u011bhne i po skon\u010den\u00ed experimentu. Podle zji\u0161t\u011bn\u00fdch poznatk\u016f po 3 t\u00fddnech akci vyhodnot\u00edme a rozhodneme, zda toto omezen\u00ed m\u00e1 smysl a bude takto trval\u00e9, nebo naopak p\u0159evl\u00e1dnou argumenty, \u017ee doprava p\u0159ed \u0161kolou je nevyhnuteln\u00e1.<\/p>\n\n\n\n<figure class=\"wp-block-image size-large\"><img loading=\"lazy\" decoding=\"async\" width=\"724\" height=\"1024\" src=\"https:\/\/www.starostistarosty.cz\/wp-content\/uploads\/2023\/04\/LETAK-Pesky-do-skoly-WEB-724x1024.jpg\" alt=\"\" class=\"wp-image-275\" srcset=\"https:\/\/www.starostistarosty.cz\/wp-content\/uploads\/2023\/04\/LETAK-Pesky-do-skoly-WEB-724x1024.jpg 724w, https:\/\/www.starostistarosty.cz\/wp-content\/uploads\/2023\/04\/LETAK-Pesky-do-skoly-WEB-212x300.jpg 212w, https:\/\/www.starostistarosty.cz\/wp-content\/uploads\/2023\/04\/LETAK-Pesky-do-skoly-WEB-768x1086.jpg 768w, https:\/\/www.starostistarosty.cz\/wp-content\/uploads\/2023\/04\/LETAK-Pesky-do-skoly-WEB-1086x1536.jpg 1086w, https:\/\/www.starostistarosty.cz\/wp-content\/uploads\/2023\/04\/LETAK-Pesky-do-skoly-WEB.jpg 1200w\" sizes=\"auto, (max-width: 724px) 100vw, 724px\" \/><figcaption class=\"wp-element-caption\"><em>Let\u00e1k P\u011b\u0161ky do \u0161koly Dob\u0159\u00ed\u0161 2023<\/em><\/figcaption><\/figure>\n\n\n\n<p>Ihned po zve\u0159ejn\u011bn\u00ed tohoto z\u00e1m\u011bru se na Facebooku strhla v\u00e1\u0161niv\u00e1 debata p\u0159\u00edznivc\u016f i odp\u016frc\u016f omezen\u00ed dopravy p\u0159ed \u0161kolou. Z\u00a0argument\u016f odp\u016frc\u016f se t\u00e9m\u011b\u0159 zd\u00e1, \u017ee si cestu bez aut neum\u00edme p\u0159edstavit. <\/p>\n\n\n\n<p><strong>\u201eZaj\u00edmalo by m\u011b kolik mrtv\u00fdch a zran\u011bn\u00fdch d\u011bt\u00ed bylo za uplynul\u00e1 l\u00e9ta, \u017ee mus\u00edte pracuj\u00edc\u00edm lidem takto komplikovat \u017eivot. P\u011b\u0161ky chod\u00ed akor\u00e1t bez\u010f\u00e1ci, pracuj\u00edc\u00ed lid\u00e9 jezd\u00ed autem!\u201c &#8230;n\u00e1zor dob\u0159\u00ed\u0161sk\u00e9ho ob\u010dana<\/strong><\/p>\n\n\n\n<p>Na\u0161t\u011bst\u00ed postupn\u011b p\u0159ib\u00fdvaj\u00ed i podporovatel\u00e9. Debata se tak\u00e9 p\u0159esouv\u00e1 k\u00a0hled\u00e1n\u00ed alternativ kde d\u011bti vysadit v okol\u00ed a skute\u010dn\u00fdch \u0159e\u0161en\u00ed. Zaj\u00edmav\u00e1 je nap\u0159\u00edklad argumentace, zda m\u00edsto aut nezav\u00e9st po m\u011bst\u011b linky \u0161koln\u00edch autobus\u016f. Odp\u016frci nam\u00edtaj\u00ed, \u017ee t\u00edm samostatnost d\u011bt\u00ed p\u0159\u00edli\u0161 nepodpo\u0159\u00edme, pouze jim uk\u00e1\u017eeme, \u017ee m\u00edsto mama-taxi se o n\u011b postar\u00e1 n\u011bkdo jin\u00fd. P\u0159i tom z\u00a0okoln\u00edch obc\u00ed autobusy sv\u00e1\u017eej\u00ed \u0161kol\u00e1ky u\u017e dnes.<\/p>\n\n\n\n<figure class=\"wp-block-image size-large\"><img loading=\"lazy\" decoding=\"async\" width=\"1024\" height=\"597\" src=\"https:\/\/www.starostistarosty.cz\/wp-content\/uploads\/2023\/04\/Komentareall-1024x597.jpg\" alt=\"\" class=\"wp-image-276\" srcset=\"https:\/\/www.starostistarosty.cz\/wp-content\/uploads\/2023\/04\/Komentareall-1024x597.jpg 1024w, https:\/\/www.starostistarosty.cz\/wp-content\/uploads\/2023\/04\/Komentareall-300x175.jpg 300w, https:\/\/www.starostistarosty.cz\/wp-content\/uploads\/2023\/04\/Komentareall-768x448.jpg 768w, https:\/\/www.starostistarosty.cz\/wp-content\/uploads\/2023\/04\/Komentareall.jpg 1332w\" sizes=\"auto, (max-width: 1024px) 100vw, 1024px\" \/><figcaption class=\"wp-element-caption\"><em>Perli\u010dky z Facebooku Dob\u0159\u00ed\u0161sko<\/em><\/figcaption><\/figure>\n\n\n\n<p><\/p>\n\n\n\n<p class=\"has-large-font-size\"><strong>Kde jinde maj\u00ed \u201e\u0161koln\u00ed ulici\u201c<\/strong><\/p>\n\n\n\n<p>T\u0159eba\u2026 <a href=\"https:\/\/www.zshanspaulka.cz\/novinka\/skolni-ulice-vyhodnoceni-224\">Praha 6 Hanspaulka<\/a>, <a href=\"https:\/\/www.blesk.cz\/clanek\/regiony-praha-praha-zpravy\/724403\/na-zbraslavi-uzavreli-ulici-pred-zakladni-skolou-misto-aut-si-deti-uziji-kulturni-program.html\">Zbraslav<\/a>, <a href=\"https:\/\/www.1zsmb.cz\/skolni-ulice\">Mlad\u00e1 Boleslav<\/a>, <a href=\"https:\/\/www.citychangers.eu\/projekty-detail\/12\/skolni-ulice\">\u0158\u00ed\u010dany<\/a>, <a href=\"https:\/\/zsbozkov.plzen.eu\/wp-content\/uploads\/2023\/01\/Skolni-ulice.pdf\">Plze\u0148<\/a>, <a href=\"https:\/\/www.trebic.cz\/evropsky-tyden-mobility\/d-56872\">T\u0159eb\u00ed\u010d<\/a>&#8230;<\/p>\n\n\n\n<figure class=\"wp-block-embed is-type-video is-provider-youtube wp-block-embed-youtube wp-embed-aspect-16-9 wp-has-aspect-ratio\"><div class=\"wp-block-embed__wrapper\">\n<iframe loading=\"lazy\" title=\"ZbrasLOVE na Zbraslavi 2022\" width=\"750\" height=\"422\" src=\"https:\/\/www.youtube.com\/embed\/btnfduRPhuA?feature=oembed\" frameborder=\"0\" allow=\"accelerometer; autoplay; clipboard-write; encrypted-media; gyroscope; picture-in-picture; web-share\" allowfullscreen><\/iframe>\n<\/div><figcaption class=\"wp-element-caption\"><em>Video z akce na Zbraslavi<\/em><\/figcaption><\/figure>\n\n\n\n<p><\/p>\n\n\n\n<p>A za hranicemi? Kol\u00edn nad R\u00fdnem testuje letos pilotn\u00ed projekty uzav\u0159en\u00fdch \u0161koln\u00edch ulic v\u00a0\u010dase 7:45-8:15. (<a href=\"https:\/\/meinungfuer.koeln\/schulstrassen\">zde<\/a>). <\/p>\n\n\n\n<figure class=\"wp-block-image size-full\"><img loading=\"lazy\" decoding=\"async\" width=\"487\" height=\"760\" src=\"https:\/\/www.starostistarosty.cz\/wp-content\/uploads\/2023\/04\/Koln.jpg\" alt=\"\" class=\"wp-image-277\" srcset=\"https:\/\/www.starostistarosty.cz\/wp-content\/uploads\/2023\/04\/Koln.jpg 487w, https:\/\/www.starostistarosty.cz\/wp-content\/uploads\/2023\/04\/Koln-192x300.jpg 192w\" sizes=\"auto, (max-width: 487px) 100vw, 487px\" \/><figcaption class=\"wp-element-caption\"><em>Bez rodi\u010dovsk\u00e9ho taxi bezpe\u010dn\u011bji na vyu\u010dov\u00e1n\u00ed (let\u00e1k Kol\u00edn n\/R)<\/em><\/figcaption><\/figure>\n\n\n\n<p>N\u011bmeck\u00e1 nadace pe\u010duj\u00edc\u00ed o d\u011bti propaguje dlouhodob\u011b projekt bezpe\u010dn\u00e9 \u201e\u0161koln\u00ed ulice\u201c, kde \u0161kol\u00e1ci nepotkaj\u00ed auta (<a href=\"https:\/\/www.zu-fuss-zur-schule.de\/mitmachen\/politischer-werden\/schulstrassen\">zde<\/a>). Jin\u00e1 n\u011bmeck\u00e1 organizace \u0160kola a rodina konstatuje, \u017ee d\u011bti na prvn\u00edm stupni v pohod\u011b zvl\u00e1dnou jednu cestu dlouhou 40min ch\u016fze, na druh\u00e9m stupni 60min (<a href=\"https:\/\/www.schule-und-familie.de\/familie\/tipps-fuer-schule-und-erziehung\/schulweg-aber-sicher.html\">zde<\/a>). V\u00a0Rakousku b\u011b\u017e\u00ed podobn\u00e9 projekty pod sloganem &#8222;Coole gehen zur Schule\u201c (<a href=\"https:\/\/www.meinbezirk.at\/purkersdorf\/c-lokales\/coole-gehen-zur-schule_a3960573\">zde<\/a>). Jedna australsk\u00e1 zdravotn\u00ed poji\u0161\u0165ovna na to m\u00e1 rovnou r\u00fdmova\u010dku \u201eWHY IT\u2019S COOL TO WALK TO SCHOOL\u201c (<a href=\"https:\/\/www.vichealth.vic.gov.au\/~\/media\/programsandprojects\/physicalactivity\/attachments\/wsb\/walktober%20fact%20sheet%20october%2008.ashx\">zde<\/a>)<\/p>\n\n\n\n<p><\/p>\n\n\n\n<p>A jak to dopadne v\u00a0Dob\u0159\u00ed\u0161i? Takov\u00e9, jak\u00e9 si to ud\u011bl\u00e1me. Startujem u\u017e 24.4.2023. Pokud se chcete zapojit a\u0165 u\u017e radou \u010di n\u011bjakou aktivitou, napi\u0161te na romba@mestodobris.cz.<\/p>\n","protected":false},"excerpt":{"rendered":"<p>V\u00a0Dob\u0159\u00ed\u0161i, podobn\u011b jako v\u00a0mnoha dal\u0161\u00edch m\u011bstech v\u00a0\u010cesk\u00e9 republice, je vozen\u00ed d\u011bt\u00ed autem do \u0161koly \u010dast\u00fdm jevem. V\u00a0r. 2021 prob\u011bhl pr\u016fzkum mezi dob\u0159\u00ed\u0161sk\u00fdmi \u0161kol\u00e1ky, jak se dopravuj\u00ed do \u0161koly (v\u00fdsledky zde). Nejv\u011bt\u0161\u00ed pod\u00edl m\u011bla ve\u0159ejn\u00e1 doprava 41%, p\u011b\u0161ky chod\u00ed 34%, mama-taxi vyu\u017e\u00edv\u00e1 18%. I kdy\u017e je doprava autem a\u017e na t\u0159et\u00edm m\u00edst\u011b, p\u0159esto zna\u010dn\u011b komplikuje situaci&hellip; <a class=\"more-link\" href=\"https:\/\/www.starostistarosty.cz\/?p=273\">Pokra\u010dovat ve\u00a0\u010dten\u00ed <span class=\"screen-reader-text\">V Dob\u0159\u00ed\u0161i se chod\u00ed p\u011b\u0161ky do \u0161koly<\/span><\/a><\/p>\n","protected":false},"author":1,"featured_media":0,"comment_status":"closed","ping_status":"","sticky":false,"template":"","format":"standard","meta":{"om_disable_all_campaigns":false,"_monsterinsights_skip_tracking":false,"_monsterinsights_sitenote_active":false,"_monsterinsights_sitenote_note":"","_monsterinsights_sitenote_category":0,"_uf_show_specific_survey":0,"_uf_disable_surveys":false,"footnotes":""},"categories":[1],"tags":[],"class_list":["post-273","post","type-post","status-publish","format-standard","hentry","category-uncategorized","entry"],"aioseo_notices":[],"_links":{"self":[{"href":"https:\/\/www.starostistarosty.cz\/index.php?rest_route=\/wp\/v2\/posts\/273","targetHints":{"allow":["GET"]}}],"collection":[{"href":"https:\/\/www.starostistarosty.cz\/index.php?rest_route=\/wp\/v2\/posts"}],"about":[{"href":"https:\/\/www.starostistarosty.cz\/index.php?rest_route=\/wp\/v2\/types\/post"}],"author":[{"embeddable":true,"href":"https:\/\/www.starostistarosty.cz\/index.php?rest_route=\/wp\/v2\/users\/1"}],"replies":[{"embeddable":true,"href":"https:\/\/www.starostistarosty.cz\/index.php?rest_route=%2Fwp%2Fv2%2Fcomments&post=273"}],"version-history":[{"count":1,"href":"https:\/\/www.starostistarosty.cz\/index.php?rest_route=\/wp\/v2\/posts\/273\/revisions"}],"predecessor-version":[{"id":278,"href":"https:\/\/www.starostistarosty.cz\/index.php?rest_route=\/wp\/v2\/posts\/273\/revisions\/278"}],"wp:attachment":[{"href":"https:\/\/www.starostistarosty.cz\/index.php?rest_route=%2Fwp%2Fv2%2Fmedia&parent=273"}],"wp:term":[{"taxonomy":"category","embeddable":true,"href":"https:\/\/www.starostistarosty.cz\/index.php?rest_route=%2Fwp%2Fv2%2Fcategories&post=273"},{"taxonomy":"post_tag","embeddable":true,"href":"https:\/\/www.starostistarosty.cz\/index.php?rest_route=%2Fwp%2Fv2%2Ftags&post=273"}],"curies":[{"name":"wp","href":"https:\/\/api.w.org\/{rel}","templated":true}]}}