{"id":294,"date":"2023-06-26T10:21:03","date_gmt":"2023-06-26T10:21:03","guid":{"rendered":"https:\/\/www.starostistarosty.cz\/?p=294"},"modified":"2023-07-18T05:39:06","modified_gmt":"2023-07-18T05:39:06","slug":"dobris-chce-vice-penez-z-dane-z-nemovitosti","status":"publish","type":"post","link":"https:\/\/www.starostistarosty.cz\/?p=294","title":{"rendered":"Dob\u0159\u00ed\u0161 chce v\u00edce pen\u011bz z dan\u011b z nemovitost\u00ed"},"content":{"rendered":"\n<p>Naposledy se da\u0148 z&nbsp;nemovitost\u00ed ve form\u011b m\u00edstn\u00edho koeficientu v&nbsp;Dob\u0159\u00ed\u0161i m\u011bnila p\u0159ed 25 lety, sou\u010dasn\u00fd koeficient stanovuje Obecn\u011b z\u00e1vazn\u00e1 vyhl\u00e1\u0161ka z r. 1998 (<a href=\"https:\/\/www.mestodobris.cz\/assets\/File.ashx?id_org=2796&amp;id_dokumenty=472714\">zde<\/a>). Da\u0148 z&nbsp;nemovitost\u00ed je jedin\u00e1 da\u0148, jej\u00ed\u017e v\u00fdb\u011br jde ze 100% do rozpo\u010dtu m\u011bsta. U v\u0161ech jin\u00fdch dan\u00ed m\u011bsto dost\u00e1v\u00e1 \u010d\u00e1st, nebo v\u016fbec nic. V\u00edce v <a href=\"https:\/\/www.starostistarosty.cz\/?p=101\" data-type=\"post\" data-id=\"101\">Dan\u011b a smrt.<\/a><\/p>\n\n\n\n<p>Letos jsme si nechali zpracovat nez\u00e1vislou anal\u00fdzu m\u011bstsk\u00fdch financ\u00ed (<a href=\"https:\/\/mestodobris.cz\/financni-analyza-mesta-dobris-si-udrzela-vybornou-financni-kondici\/d-488958\">zde<\/a>). Vypl\u00fdv\u00e1 z&nbsp;n\u00ed, \u017ee m\u011bstsk\u00e9 finance jsou zdrav\u00e9. V&nbsp;r\u00e1mci rostouc\u00edch n\u00e1klad\u016f doporu\u010duje Ing. Tesa\u0159 veden\u00ed m\u011bsta za\u010d\u00edt se chovat odpov\u011bdn\u011b, tedy nedopl\u00e1cet nesmysln\u011b na slu\u017eby obyvatel\u016fm. Mj. zvednout da\u0148 z&nbsp;nemovitost\u00ed.<\/p>\n\n\n\n<p>Ji\u017e 25 let v\u00a0Dob\u0159\u00ed\u0161i vyb\u00edr\u00e1me na \u00fazem\u00ed m\u011bsta da\u0148 s\u00a0m\u00edstn\u00edm koeficientem ve v\u00fd\u0161i \u201e1\u201c, tj. z\u00e1kladn\u00ed sazbou. Pro rekrea\u010dn\u00ed objekty s\u00a0koeficientem 1,5. M\u00edstn\u00ed koeficient podle \u00a712 <a href=\"https:\/\/www.zakonyprolidi.cz\/cs\/1992-338\">Z\u00e1kona o dani z\u00a0nemovit\u00fdch v\u011bc\u00ed<\/a> si m\u016f\u017ee od r. 2020 ka\u017ed\u00e1 obec nastavit od 1,1 do 5 s\u00a0p\u0159esnost\u00ed na desetinu. T\u00edmto koeficientem se n\u00e1sob\u00ed z\u00e1kladn\u00ed sazba dan\u011b z\u00a0nemovitosti. Zastupitel\u00e9 22.6.2023 odsouhlasili zv\u00fd\u0161en\u00ed z\u00e1kladn\u00edho koeficientu podle \u00a712 v\u00a0cel\u00e9m m\u011bst\u011b na 3 a pro dv\u011b pr\u016fmyslov\u00e9 z\u00f3ny na 5. tato zm\u011bna bude platit pro da\u0148 vyb\u00edranou v\u00a0r. 2024. Schv\u00e1len\u00e1 vyhl\u00e1\u0161ka je <a href=\"https:\/\/www.mestodobris.cz\/obecne-zavazna-vyhlaska-c-2-2023-o-stanoveni-mistniho-koeficientu-pro-vypocet-dane-z-nemovitych-veci\/d-488962\">zde<\/a>.<\/p>\n\n\n\n<figure class=\"wp-block-image size-full\"><img loading=\"lazy\" decoding=\"async\" width=\"852\" height=\"596\" src=\"https:\/\/www.starostistarosty.cz\/wp-content\/uploads\/2023\/06\/Koef.jpg\" alt=\"\" class=\"wp-image-295\" srcset=\"https:\/\/www.starostistarosty.cz\/wp-content\/uploads\/2023\/06\/Koef.jpg 852w, https:\/\/www.starostistarosty.cz\/wp-content\/uploads\/2023\/06\/Koef-300x210.jpg 300w, https:\/\/www.starostistarosty.cz\/wp-content\/uploads\/2023\/06\/Koef-768x537.jpg 768w\" sizes=\"auto, (max-width: 852px) 100vw, 852px\" \/><figcaption class=\"wp-element-caption\">Zv\u00fd\u0161en\u00ed koeficientu dan\u011b z nemovitost\u00ed<\/figcaption><\/figure>\n\n\n\n<p class=\"has-large-font-size\"><strong>Kolik to p\u0159inese<\/strong><\/p>\n\n\n\n<p>V&nbsp;posledn\u00edch letech byl p\u0159\u00edjem do rozpo\u010dtu m\u011bsta z&nbsp;t\u00e9to dan\u011b kolem 5,5 mil K\u010d ro\u010dn\u011b. Stejn\u00e1 hodnota je o\u010dek\u00e1v\u00e1na i letos, i tak p\u0159\u00edjem z&nbsp;dan\u011b z&nbsp;nemovitost\u00ed bude tvo\u0159it &#8222;jen&#8220; 1,6 % celkov\u00fdch p\u0159\u00edjm\u016f m\u011bsta. Po zv\u00fd\u0161en\u00ed koeficientu by p\u0159\u00edjem m\u011bsta z&nbsp;dan\u011b z&nbsp;nemovitost\u00ed v&nbsp;roce 2024 m\u011bl \u010dinit o 8-10 milion\u016f v\u00edce, tedy celkem 13,5-15,5 mil K\u010d.<\/p>\n\n\n\n<figure class=\"wp-block-image size-full\"><img loading=\"lazy\" decoding=\"async\" width=\"807\" height=\"479\" src=\"https:\/\/www.starostistarosty.cz\/wp-content\/uploads\/2023\/06\/Graf-prijemdan.jpg\" alt=\"\" class=\"wp-image-296\" srcset=\"https:\/\/www.starostistarosty.cz\/wp-content\/uploads\/2023\/06\/Graf-prijemdan.jpg 807w, https:\/\/www.starostistarosty.cz\/wp-content\/uploads\/2023\/06\/Graf-prijemdan-300x178.jpg 300w, https:\/\/www.starostistarosty.cz\/wp-content\/uploads\/2023\/06\/Graf-prijemdan-768x456.jpg 768w\" sizes=\"auto, (max-width: 807px) 100vw, 807px\" \/><figcaption class=\"wp-element-caption\">Srovn\u00e1n\u00ed skute\u010dn\u00fdch a o\u010dek\u00e1van\u00fdch p\u0159\u00edjm\u016f z dan\u011b z nemovitost\u00ed <\/figcaption><\/figure>\n\n\n\n<p>Do v\u00fdpo\u010dtu dan\u011b vstupuje \u0159ada detailn\u00edch faktor\u016f. Z\u00e1kladem je sazba 2K\u010d za 1m2 ze stavebn\u00edch pozemk\u016f i ze zastav\u011bn\u00e9 plochy. Z\u00e1kladn\u00ed sazba se zvy\u0161uje o 0,75K\u010d za m2 pro ka\u017ed\u00e9 nadzemn\u00ed podla\u017e\u00ed. Na v\u00fdpo\u010det m\u00e1 vliv i velikost obce. Dob\u0159\u00ed\u0161 spad\u00e1 do kategorie 6-10 tis\u00edc obyvatel, z\u00e1kladn\u00ed sazba se n\u00e1sob\u00ed koeficientem 1,6. V&nbsp;Praze se n\u00e1sob\u00ed koeficientem 4,5. Od dan\u011b jsou osvobozeny stavby, kde vlastn\u00edkem je \u010cR nebo dan\u00e1 obec, na jej\u00edm\u017e katastru se nach\u00e1zej\u00ed. D\u00e1le ve\u0159ejn\u011b p\u0159\u00edstupn\u00e9 pam\u00e1tkov\u00e9 objekty typu z\u00e1mek, stavby vodohospod\u00e1\u0159sk\u00e9 infrastruktury, \u0161koly, za\u0159\u00edzen\u00ed soci\u00e1ln\u00edch slu\u017eeb, stavby pro sb\u011br a t\u0159\u00edd\u011bn\u00ed odpad\u016f a mnoho dal\u0161\u00edho. To v\u0161e ur\u010duje Z\u00e1kon o dani z nemovit\u00fdch v\u011bc\u00ed. M\u011bsto neum\u00ed o\u010dek\u00e1van\u00fd v\u00fdnos p\u0159esn\u011b nasimulovat. Da\u0148 vyb\u00edr\u00e1 a po\u010d\u00edt\u00e1 Finan\u010dn\u00ed spr\u00e1va, v\u00fdb\u011br pak p\u0159ed\u00e1 m\u011bstu.<\/p>\n\n\n\n<p class=\"has-large-font-size\"><strong>Jak se to dotkne obyvatel<\/strong><\/p>\n\n\n\n<p>Z&nbsp;b\u011b\u017en\u00e9ho rodinn\u00e9ho domu se nyn\u00ed v&nbsp;Dob\u0159\u00ed\u0161i plat\u00ed da\u0148 z&nbsp;nemovitosti mezi 600-1000 K\u010d za rok podle velikosti domu. I v&nbsp;p\u0159\u00edpad\u011b, \u017ee by platilo prost\u00e9 n\u00e1soben\u00ed koeficientem (tedy bez zohledn\u011bn\u00ed dal\u0161\u00edch faktor\u016f), bude v\u00fdsledn\u00e1 da\u0148 od r. 2024 za stejn\u00fd d\u016fm 1800-3000 K\u010d za rok. V&nbsp;rozpo\u010dtech jednotliv\u00fdch dom\u00e1cnost\u00ed to nen\u00ed nejvy\u0161\u0161\u00ed ani rozhoduj\u00edc\u00ed polo\u017eka. Za odpad i za vodu zaplat\u00ed b\u011b\u017en\u00e1 dom\u00e1cnost v\u00fdrazn\u011b v\u00edce.<\/p>\n\n\n\n<figure class=\"wp-block-image size-large\"><img loading=\"lazy\" decoding=\"async\" width=\"1024\" height=\"703\" src=\"https:\/\/www.starostistarosty.cz\/wp-content\/uploads\/2023\/06\/Dum-dan2-1024x703.jpg\" alt=\"\" class=\"wp-image-297\" srcset=\"https:\/\/www.starostistarosty.cz\/wp-content\/uploads\/2023\/06\/Dum-dan2-1024x703.jpg 1024w, https:\/\/www.starostistarosty.cz\/wp-content\/uploads\/2023\/06\/Dum-dan2-300x206.jpg 300w, https:\/\/www.starostistarosty.cz\/wp-content\/uploads\/2023\/06\/Dum-dan2-768x527.jpg 768w, https:\/\/www.starostistarosty.cz\/wp-content\/uploads\/2023\/06\/Dum-dan2-rotated.jpg 1236w\" sizes=\"auto, (max-width: 1024px) 100vw, 1024px\" \/><figcaption class=\"wp-element-caption\">M\u00e1me velk\u00fd d\u016fm? Plat\u00edme velkou da\u0148?<\/figcaption><\/figure>\n\n\n\n<p>Tak\u00e9 v&nbsp;mezin\u00e1rodn\u00edm srovn\u00e1n\u00ed je tato da\u0148 v&nbsp;\u010cR nastavena n\u00edzko. V&nbsp;Evrop\u011b maj\u00ed nejni\u017e\u0161\u00ed da\u0148 v&nbsp;pom\u011bru k&nbsp;n\u00e1klad\u016fm dom\u00e1cnosti v&nbsp;Lucembursku (0,05%), \u0160v\u00fdcarsku (0,11%) a Rakousku (0,13%). Na \u010dtvrt\u00e9 p\u0159\u00ed\u010dce v&nbsp;tomto \u017eeb\u0159\u00ed\u010dku je pr\u00e1v\u011b \u010cR s&nbsp;0,16% (zde). V \u0159ad\u011b zem\u00ed je da\u0148 na rozd\u00edl od \u010cR odvozena od hodnoty nemovitosti. Zat\u00edmco v Dob\u0159\u00ed\u0161i za b\u011b\u017en\u00fd d\u016fm je da\u0148 kolem 1000 K\u010d za rok, v Polsku je to 15000 K\u010d!<\/p>\n\n\n\n<figure class=\"wp-block-image size-large\"><a href=\"https:\/\/taxfoundation.org\/real-property-taxes-europe\/\" target=\"_blank\" rel=\"noreferrer noopener\"><img loading=\"lazy\" decoding=\"async\" width=\"1024\" height=\"978\" src=\"https:\/\/www.starostistarosty.cz\/wp-content\/uploads\/2023\/06\/RealPropertyCapitalStock-final-01-1024x978.png\" alt=\"\" class=\"wp-image-298\" srcset=\"https:\/\/www.starostistarosty.cz\/wp-content\/uploads\/2023\/06\/RealPropertyCapitalStock-final-01-1024x978.png 1024w, https:\/\/www.starostistarosty.cz\/wp-content\/uploads\/2023\/06\/RealPropertyCapitalStock-final-01-300x287.png 300w, https:\/\/www.starostistarosty.cz\/wp-content\/uploads\/2023\/06\/RealPropertyCapitalStock-final-01-768x734.png 768w, https:\/\/www.starostistarosty.cz\/wp-content\/uploads\/2023\/06\/RealPropertyCapitalStock-final-01.png 1386w\" sizes=\"auto, (max-width: 1024px) 100vw, 1024px\" \/><\/a><figcaption class=\"wp-element-caption\">Srovn\u00e1n\u00ed dan\u011b z nemovitost\u00ed v Evrop\u011b<\/figcaption><\/figure>\n\n\n\n<p class=\"has-large-font-size\"><strong>Z\u00e1ludnosti pr\u016fmyslov\u00fdch z\u00f3n<\/strong><\/p>\n\n\n\n<p>I v&nbsp;Dob\u0159\u00ed\u0161i m\u00e1me pr\u016fmyslov\u00e9 objekty, kter\u00e9 prost\u0159ed\u00ed m\u011bsta v\u00edce zat\u011b\u017euj\u00ed. P\u0159edev\u0161\u00edm zv\u00fd\u0161enou n\u00e1kladn\u00ed dopravou, ale tak\u00e9 hlukem \u010di exhalacemi. Pro tyto pr\u016fmyslov\u00e9 z\u00f3ny m\u00e1 smysl nastavit m\u00edstn\u00ed koeficient vy\u0161\u0161\u00ed, aby \u201e\u00fajma\u201c obyvatel byla kompenzov\u00e1na p\u0159\u00edjmem do rozpo\u010dtu m\u011bsta, kter\u00fd bude reinvestov\u00e1n do zlep\u0161en\u00ed ve\u0159ejn\u00e9ho prostoru. Tady jdeme cestou razantn\u00edho zv\u00fd\u0161en\u00ed na horn\u00ed hranici mo\u017en\u00e9ho intervalu, tj. koeficient se zved\u00e1 na 5. P\u016fvodn\u00ed my\u0161lenka byla, \u017ee lokality \u201epr\u016fmyslov\u00fdch z\u00f3n\u201c stanov\u00edme p\u0159esn\u011b podle \u00fazemn\u00edho pl\u00e1nu. <\/p>\n\n\n\n<figure class=\"wp-block-image size-large\"><img loading=\"lazy\" decoding=\"async\" width=\"1024\" height=\"688\" src=\"https:\/\/www.starostistarosty.cz\/wp-content\/uploads\/2023\/06\/puvodni-navrh-prumyslovych-zon-1024x688.jpg\" alt=\"\" class=\"wp-image-299\" srcset=\"https:\/\/www.starostistarosty.cz\/wp-content\/uploads\/2023\/06\/puvodni-navrh-prumyslovych-zon-1024x688.jpg 1024w, https:\/\/www.starostistarosty.cz\/wp-content\/uploads\/2023\/06\/puvodni-navrh-prumyslovych-zon-300x202.jpg 300w, https:\/\/www.starostistarosty.cz\/wp-content\/uploads\/2023\/06\/puvodni-navrh-prumyslovych-zon-768x516.jpg 768w, https:\/\/www.starostistarosty.cz\/wp-content\/uploads\/2023\/06\/puvodni-navrh-prumyslovych-zon.jpg 1178w\" sizes=\"auto, (max-width: 1024px) 100vw, 1024px\" \/><figcaption class=\"wp-element-caption\">Zam\u00edtnut\u00e1 varianta stanoven\u00ed pozemk\u016f &#8222;pr\u016fmyslu a v\u00fdroby&#8220; s vy\u0161\u0161\u00ed sazbou <\/figcaption><\/figure>\n\n\n\n<p>Jen\u017ee jsme p\u0159i konzultaci s Ministerstvem vnitra, kter\u00e9 Obecn\u011b z\u00e1vazn\u00e9 vyhl\u00e1\u0161ky obc\u00ed kontroluje, narazili. Podle jejich vyj\u00e1d\u0159en\u00ed je t\u0159eba lokality stanovit na \u201e\u010d\u00e1sti obce\u201c, kdy se jedn\u00e1 o souvisl\u00e9 \u00fazem\u00ed jednoho typu. MV pou\u017e\u00edv\u00e1 definice podle \u00a7 1, \u00a7 21 odst. 1 a \u00a7 27 odst. 2 z\u00e1kona o obc\u00edch. Tedy pokud m\u00e1me pozemky a budovy s&nbsp;pr\u016fmyslem a mezi t\u00edm obytn\u00e9 domy, nelze to jako \u201e\u010d\u00e1st obce\u201c pro \u00fa\u010dely koeficientu dan\u011b z&nbsp;nemovitost\u00ed pou\u017e\u00edt. <\/p>\n\n\n\n<p>V\u00fdklad, co je \u010d\u00e1st obce, se mezi r\u016fzn\u00fdmi st\u00e1tn\u00edmi org\u00e1ny li\u0161\u00ed. Podle Ministerstva vnitra mus\u00ed j\u00edt o celistv\u00e9 a sourod\u00e9 \u010d\u00e1sti obce, podle Finan\u010dn\u00edho \u0159editelstv\u00ed lze toto specifikovat a\u017e na \u00farove\u0148 ulic a \u010d\u00edsel popisn\u00fdch. \u010casto citovan\u00e9 je <em>Doporu\u010den\u00ed Gener\u00e1ln\u00edho finan\u010dn\u00edho \u0159editelstv\u00ed pro obce p\u0159i vyd\u00e1v\u00e1n\u00ed obecn\u011b z\u00e1vazn\u00fdch vyhl\u00e1\u0161ek, kter\u00fdmi se stanov\u00ed koeficienty pro v\u00fdpo\u010det dan\u011b z nemovit\u00fdch v\u011bc\u00ed<\/em> ze dne 28. kv\u011btna 2021 (<a href=\"https:\/\/www.financnisprava.cz\/cs\/dane\/dane\/dan-z-nemovitych-veci\/informace-stanoviska-a-sdeleni\/2021\/doporuceni-pro-obce-pri-vydavani-obecne-koeficienty\">zde<\/a>), kde se mj. p\u00ed\u0161e:<\/p>\n\n\n\n<p class=\"has-purple-background-color has-background\">\u201ePod pojmem &#8222;jednotliv\u00e1 \u010d\u00e1st obce&#8220; tak lze dle d\u016fvodov\u00e9 zpr\u00e1vy k z\u00e1konu \u010d. 609\/2020 Sb., rozum\u011bt jak katastr\u00e1ln\u00ed \u00fazem\u00ed, tak jinou \u010d\u00e1st obce jednozna\u010dn\u00fdm a nezam\u011bniteln\u00fdm zp\u016fsobem vymezenou, nap\u0159. uveden\u00edm n\u00e1zvu \u010d\u00e1sti obce, n\u00e1zvem ulice, parceln\u00edmi \u010d\u00edsly pozemk\u016f nebo stavbami s \u010d\u00edslem popisn\u00fdm \u010di eviden\u010dn\u00edm, v\u017edy s uveden\u00edm n\u00e1zvu katastr\u00e1ln\u00edho \u00fazem\u00ed, ve kter\u00e9m se tyto nemovit\u00e9 v\u011bci nach\u00e1zej\u00ed\u201c.<\/p>\n\n\n\n<p>Podobn\u00e9 je i vymezen\u00ed \u010d\u00e1sti obce ve stanovisku legislativn\u00ed rady Svazu m\u011bst a obc\u00ed \u010cR (<a href=\"https:\/\/www.smocr.cz\/cs\/novinky\/a\/vymezeni-pojmu-jednotliva-cast-obce-%E2%80%93-limit-pro-navysovani-koeficientu-u-dane-z-nemovitych-veci\">zde<\/a>), kter\u00e9 vych\u00e1z\u00ed ze sd\u011blen\u00ed Ministerstva financ\u00ed, kdy\u017e zd\u016fvod\u0148ovalo v&nbsp;r. 2020 tuto novou mo\u017enost pro obce.<\/p>\n\n\n\n<p>V&nbsp;sou\u010dasn\u00e9 dob\u011b nen\u00ed vylou\u010deno, \u017ee tento rozpor bude muset nakonec rozhodnout soud, pokud se na n\u011bj n\u011bkter\u00e1 obec nebo ministerstvo obr\u00e1t\u00ed.<\/p>\n\n\n\n<p>Na z\u00e1klad\u011b doporu\u010den\u00ed Ministerstva vnitra jsme stanovili pro zv\u00fd\u0161en\u00fd koeficient dan\u011b z&nbsp;nemovitost\u00ed na hodnotu 5 pouze dv\u011b ucelen\u00e9 pr\u016fmyslov\u00e9 z\u00f3ny, a to Dob\u0159\u00ed\u0161 Server (Doosan Bobcat, Van Leeuwen, Energon aj.) a Sv. Anna (Kulda).<\/p>\n\n\n\n<p class=\"has-large-font-size\"><strong>Zvedne da\u0148 i vl\u00e1da?<\/strong><\/p>\n\n\n\n<p>V r\u00e1mci p\u0159ipravovan\u00e9ho konsolida\u010dn\u00edho bal\u00ed\u010dku vl\u00e1dy ozn\u00e1mil v kv\u011btnu ministr Stanjura, \u017ee vl\u00e1da p\u0159ipravuje zv\u00fd\u0161en\u00ed dan\u011b z nemovitost\u00ed. N\u00e1sledn\u011b se kolem rozv\u00ed\u0159ila intenzivn\u00ed diskuze, kter\u00e1 zat\u00edm st\u00e1le prob\u00edh\u00e1. V sou\u010dasn\u00e1 dob\u011b nen\u00ed jasn\u00e9 ani kdy by k takov\u00e9mu zv\u00fd\u0161en\u00ed m\u011blo doj\u00edt, o kolik se da\u0148 zvedne, ani kolik si nech\u00e1 st\u00e1t a kolik po\u0161le z vybran\u00e9 dan\u011b obc\u00edm. Je tak\u00e9 mo\u017en\u00e9, \u017ee od tohoto kritizovan\u00e9ho kroku vl\u00e1da nakonec ustoup\u00ed. V\u00ed vil s\u00ed.<\/p>\n\n\n\n<p class=\"has-large-font-size\"><strong>Pro\u010d a na\u010d<\/strong><\/p>\n\n\n\n<p>D\u016fvodem pro zv\u00fd\u0161en\u00ed m\u00edstn\u00edho koeficientu dan\u011b z&nbsp;nemovitost\u00ed v Dob\u0159\u00ed\u0161i je snaha z\u00edskat do rozpo\u010dtu m\u011bsta dal\u0161\u00ed finan\u010dn\u00ed prost\u0159edky. N\u00e1klady na \u00fadr\u017ebu m\u011bstsk\u00e9ho majetku trvale rostou. Rostou sice i da\u0148ov\u00e9 p\u0159\u00edjmy m\u011bsta, ale zdaleka ne tak rychle jako n\u00e1klady. M\u011bsto si sebou nav\u00edc nese historick\u00fd vnit\u0159n\u00ed dluh, kde \u0159ada ulic i m\u011bstsk\u00fdch budov je ve \u0161patn\u00e9m stavu. V&nbsp;minulosti se zkr\u00e1tka neopravovalo dost. Na z\u00e1klad\u011b doporu\u010den\u00ed Finan\u010dn\u00edho v\u00fdboru zastupitel\u00e9 v usnesen\u00ed up\u0159esnili, na co bude p\u0159\u00edjem z&nbsp;dan\u011b z&nbsp;nemovitost\u00ed vyu\u017e\u00edv\u00e1n, aby snad n\u011bkoho nenapadlo, \u017ee si za to starosta po\u0159\u00edd\u00ed v\u00ed\u0159ivku do kancel\u00e1\u0159e. Konkr\u00e9tn\u011b:<\/p>\n\n\n\n<p class=\"has-purple-background-color has-background\"> <strong>\u201eP\u0159\u00edjem m\u011bsta z dan\u011b z&nbsp;nemovitost\u00ed bude vyu\u017e\u00edv\u00e1n pro opravy a investice zvy\u0161uj\u00edc\u00ed kvalitu ve\u0159ejn\u00e9ho prostoru m\u011bsta Dob\u0159\u00ed\u0161e.<\/strong>&#8222;<\/p>\n\n\n\n<p>M\u011bsto m\u00e1 Program strategick\u00e9ho rozvoje na obdob\u00ed 2021-2028. P\u0159\u00edlohou tohoto strategick\u00e9ho dokumentu je i <a href=\"https:\/\/www.mestodobris.cz\/schvaleny-finalni-dokument-program-rozvoje-mesta-dobrise-prmdo-pro-obdobi-2021-2028\/d-482414\">Z\u00e1sobn\u00edk projekt\u016f<\/a>, kter\u00fd se ka\u017ed\u00fd rok aktualizuje. V&nbsp;tomto z\u00e1sobn\u00edku bylo loni p\u0159i posledn\u00ed aktualizaci jen projekt\u016f na rekonstrukce ulic a chodn\u00edk\u016f celkem 41. P\u0159itom ka\u017ed\u00fd rok zvl\u00e1d\u00e1me opravit 3-4 ulice. T\u00edmto tempem bychom ty rozbit\u00e9 opravovali 10 let, za tu dobu se n\u00e1m rozbij\u00ed dal\u0161\u00ed.  Zv\u00fd\u0161en\u00fd p\u0159\u00edjem z&nbsp;dan\u011b z&nbsp;nemovitost\u00ed umo\u017en\u00ed opravy ulic ve vy\u0161\u0161\u00edm tempu. Ale nejde jen o ulice, vybran\u00e9 pen\u00edze lze pou\u017e\u00edt i na p\u00e9\u010di o zele\u0148 a dal\u0161\u00ed opravy ve\u0159ejn\u00e9ho prostoru. <\/p>\n\n\n\n<p>Chceme m\u00edt p\u011bkn\u00e9 m\u011bsto, s&nbsp;opraven\u00fdmi ulicemi a chodn\u00edky, s&nbsp;vkusnou a funk\u010dn\u00ed zelen\u00ed. To nelze uskute\u010dnit zadarmo. Pr\u00e1v\u011b na takov\u00e9 opravy a investice budou pou\u017eity prost\u0159edky vybran\u00e9 formou dan\u011b od vlastn\u00edk\u016f dob\u0159\u00ed\u0161sk\u00fdch nemovitost\u00ed. &nbsp;<\/p>\n\n\n\n<p class=\"has-large-font-size\"><strong>Odkazy<\/strong><\/p>\n\n\n\n<p>Da\u0148 z&nbsp;nemovit\u00fdch v\u011bc\u00ed jako m\u00edstn\u00ed da\u0148 (<a href=\"https:\/\/is.muni.cz\/th\/eyy6d\/DAN_Z_NEMOVITYCH_VECI_JAKO_MISTNI_DAN.pdf\">zde<\/a>)<\/p>\n\n\n\n<p>Da\u0148 jako p\u0159\u00edjem obecn\u00edch rozpo\u010dt\u016f&nbsp;(<a href=\"https:\/\/dspace5.zcu.cz\/bitstream\/11025\/33490\/1\/Bakalarska%20prace%20v5.0.pdf\">zde<\/a>)<\/p>\n\n\n\n<p>Srovn\u00e1n\u00ed dan\u011b z&nbsp;nemovitost\u00ed v&nbsp;EU (<a href=\"https:\/\/theses.cz\/id\/edif4f\/21711411\">zde<\/a>)<\/p>\n\n\n\n<p>Stanoven\u00ed dan\u011b z nemovit\u00fdch v\u011bc\u00ed v praxi spr\u00e1vce dan\u011b (<a href=\"https:\/\/is.muni.cz\/th\/t71yt\/Bakalarska_prace_Hana_Vavrova.pdf\">zde<\/a>)<\/p>\n","protected":false},"excerpt":{"rendered":"<p>Naposledy se da\u0148 z&nbsp;nemovitost\u00ed ve form\u011b m\u00edstn\u00edho koeficientu v&nbsp;Dob\u0159\u00ed\u0161i m\u011bnila p\u0159ed 25 lety, sou\u010dasn\u00fd koeficient stanovuje Obecn\u011b z\u00e1vazn\u00e1 vyhl\u00e1\u0161ka z r. 1998 (zde). Da\u0148 z&nbsp;nemovitost\u00ed je jedin\u00e1 da\u0148, jej\u00ed\u017e v\u00fdb\u011br jde ze 100% do rozpo\u010dtu m\u011bsta. U v\u0161ech jin\u00fdch dan\u00ed m\u011bsto dost\u00e1v\u00e1 \u010d\u00e1st, nebo v\u016fbec nic. V\u00edce v Dan\u011b a smrt. Letos jsme si nechali&hellip; <a class=\"more-link\" href=\"https:\/\/www.starostistarosty.cz\/?p=294\">Pokra\u010dovat ve\u00a0\u010dten\u00ed <span class=\"screen-reader-text\">Dob\u0159\u00ed\u0161 chce v\u00edce pen\u011bz z dan\u011b z nemovitost\u00ed<\/span><\/a><\/p>\n","protected":false},"author":1,"featured_media":0,"comment_status":"closed","ping_status":"","sticky":false,"template":"","format":"standard","meta":{"om_disable_all_campaigns":false,"_monsterinsights_skip_tracking":false,"_monsterinsights_sitenote_active":false,"_monsterinsights_sitenote_note":"","_monsterinsights_sitenote_category":0,"_uf_show_specific_survey":0,"_uf_disable_surveys":false,"footnotes":""},"categories":[1],"tags":[],"class_list":["post-294","post","type-post","status-publish","format-standard","hentry","category-uncategorized","entry"],"aioseo_notices":[],"_links":{"self":[{"href":"https:\/\/www.starostistarosty.cz\/index.php?rest_route=\/wp\/v2\/posts\/294","targetHints":{"allow":["GET"]}}],"collection":[{"href":"https:\/\/www.starostistarosty.cz\/index.php?rest_route=\/wp\/v2\/posts"}],"about":[{"href":"https:\/\/www.starostistarosty.cz\/index.php?rest_route=\/wp\/v2\/types\/post"}],"author":[{"embeddable":true,"href":"https:\/\/www.starostistarosty.cz\/index.php?rest_route=\/wp\/v2\/users\/1"}],"replies":[{"embeddable":true,"href":"https:\/\/www.starostistarosty.cz\/index.php?rest_route=%2Fwp%2Fv2%2Fcomments&post=294"}],"version-history":[{"count":8,"href":"https:\/\/www.starostistarosty.cz\/index.php?rest_route=\/wp\/v2\/posts\/294\/revisions"}],"predecessor-version":[{"id":331,"href":"https:\/\/www.starostistarosty.cz\/index.php?rest_route=\/wp\/v2\/posts\/294\/revisions\/331"}],"wp:attachment":[{"href":"https:\/\/www.starostistarosty.cz\/index.php?rest_route=%2Fwp%2Fv2%2Fmedia&parent=294"}],"wp:term":[{"taxonomy":"category","embeddable":true,"href":"https:\/\/www.starostistarosty.cz\/index.php?rest_route=%2Fwp%2Fv2%2Fcategories&post=294"},{"taxonomy":"post_tag","embeddable":true,"href":"https:\/\/www.starostistarosty.cz\/index.php?rest_route=%2Fwp%2Fv2%2Ftags&post=294"}],"curies":[{"name":"wp","href":"https:\/\/api.w.org\/{rel}","templated":true}]}}