{"id":333,"date":"2023-08-20T20:38:20","date_gmt":"2023-08-20T20:38:20","guid":{"rendered":"https:\/\/www.starostistarosty.cz\/?p=333"},"modified":"2023-08-24T16:35:16","modified_gmt":"2023-08-24T16:35:16","slug":"kdy-je-vhodny-cas-presunout-pamatnik-rudoarmejce","status":"publish","type":"post","link":"https:\/\/www.starostistarosty.cz\/?p=333","title":{"rendered":"Kdy je vhodn\u00fd \u010das p\u0159esunout pam\u00e1tn\u00edk rudoarm\u011bjce"},"content":{"rendered":"\n<p>V Dob\u0159\u00ed\u0161i jsme m\u011bli odjak\u017eiva p\u0159ed vstupem na z\u00e1mek pam\u011btn\u00ed desku &#8222;padl\u00e9ho&#8220; rudoarm\u011bjce z konce 2. sv\u011btov\u00e9 v\u00e1lky. Akor\u00e1t \u017ee v\u016fbec! Na desce ani jej\u00edm um\u00edst\u011bn\u00ed nebylo pravdiv\u00e9 t\u00e9m\u011b\u0159 nic.<\/p>\n\n\n\n<figure class=\"wp-block-image size-large\"><img loading=\"lazy\" decoding=\"async\" width=\"1024\" height=\"768\" src=\"https:\/\/www.starostistarosty.cz\/wp-content\/uploads\/2023\/08\/IMG_20230525_193833-1-1024x768.jpg\" alt=\"\" class=\"wp-image-349\" srcset=\"https:\/\/www.starostistarosty.cz\/wp-content\/uploads\/2023\/08\/IMG_20230525_193833-1-1024x768.jpg 1024w, https:\/\/www.starostistarosty.cz\/wp-content\/uploads\/2023\/08\/IMG_20230525_193833-1-300x225.jpg 300w, https:\/\/www.starostistarosty.cz\/wp-content\/uploads\/2023\/08\/IMG_20230525_193833-1-768x576.jpg 768w, https:\/\/www.starostistarosty.cz\/wp-content\/uploads\/2023\/08\/IMG_20230525_193833-1-1536x1152.jpg 1536w, https:\/\/www.starostistarosty.cz\/wp-content\/uploads\/2023\/08\/IMG_20230525_193833-1-2048x1536.jpg 2048w, https:\/\/www.starostistarosty.cz\/wp-content\/uploads\/2023\/08\/IMG_20230525_193833-1-1568x1176.jpg 1568w\" sizes=\"auto, (max-width: 1024px) 100vw, 1024px\" \/><\/figure>\n\n\n\n<figure class=\"wp-block-image size-full\"><img loading=\"lazy\" decoding=\"async\" width=\"967\" height=\"658\" src=\"https:\/\/www.starostistarosty.cz\/wp-content\/uploads\/2023\/08\/Foto-desky2-1.jpg\" alt=\"\" class=\"wp-image-345\" srcset=\"https:\/\/www.starostistarosty.cz\/wp-content\/uploads\/2023\/08\/Foto-desky2-1.jpg 967w, https:\/\/www.starostistarosty.cz\/wp-content\/uploads\/2023\/08\/Foto-desky2-1-300x204.jpg 300w, https:\/\/www.starostistarosty.cz\/wp-content\/uploads\/2023\/08\/Foto-desky2-1-768x523.jpg 768w\" sizes=\"auto, (max-width: 967px) 100vw, 967px\" \/><\/figure>\n\n\n\n<p>Co bylo na desce \u0161patn\u011b? Deska nese n\u00e1pis &#8222;zde padl v kv\u011btnu 1945 v boji proti fa\u0161ismu hrdina SSSR npor. A. F. Saveljev. Narozen\u00fd 1921 v obci Re\u0161etino v Gorkovsk\u00e9 oblasti.&#8220; <\/p>\n\n\n\n<p class=\"has-purple-background-color has-background\">\u201eKr\u00e1tce po osvobozen\u00ed Dob\u0159\u00ed\u0161e (datum \u00famrt\u00ed se uv\u00e1d\u00ed v&nbsp;rozmez\u00ed mezi 12. a\u017e 20. kv\u011btnem) npor. Saveljev vypadl z&nbsp;n\u00e1kladn\u00edho automobilu vezouc\u00edho d\u0159evo na stavbu ubikac\u00ed Rud\u00e9 arm\u00e1dy. Stalo se tak podle pam\u011btn\u00edk\u016f v&nbsp;serpentin\u011b u z\u00e1mku, kde je dnes situov\u00e1na pam\u011btn\u00ed deska.\u201c \u0159editel Muzea m\u011bsta Dob\u0159\u00ed\u0161e PhDr. Jan Michl, Ph.D.<\/p>\n\n\n\n<p>N\u00e1pis na pomn\u00edku, \u017ee <em>padl v&nbsp;boji proti fa\u0161ismu<\/em> je l\u017eiv\u00fd a slou\u017eil pouze pro \u00fa\u010dely propagandy, jeliko\u017e p\u0159i osvobozov\u00e1n\u00ed Dob\u0159\u00ed\u0161e nepadl ani jeden rudoarm\u011bjec. Rud\u00e1 arm\u00e1da dorazila v&nbsp;kv\u011btnu 1945 do Dob\u0159\u00ed\u0161e a\u017e pot\u00e9, co ji posledn\u00ed n\u011bmeck\u00fd voj\u00e1k opustil, tak\u017ee k&nbsp;\u017e\u00e1dn\u00e9mu boji ani nemohlo doj\u00edt. <\/p>\n\n\n\n<p>A taky bojoval proti n\u011bmeck\u00e9mu nacizmu a nikoli fa\u0161izmu. A taky se narodil ve vesni\u010dce Ivanovka v Uljanovsk\u00e9 oblasti, nikoli &#8222;Re\u0161etina&#8220; jak se p\u00ed\u0161e na desce. Do obce <strong>Re\u0161eticha<\/strong> (=Re\u0161etikha) v Ni\u017egorodsk\u00e9 oblasti se p\u0159est\u011bhoval k bratrovi, kdy\u017e mu bylo 13 let (<a href=\"https:\/\/ru.wikipedia.org\/wiki\/%D0%A1%D0%B0%D0%B2%D0%B5%D0%BB%D1%8C%D0%B5%D0%B2,_%D0%90%D0%BB%D0%B5%D0%BA%D1%81%D0%B0%D0%BD%D0%B4%D1%80_%D0%A4%D1%91%D0%B4%D0%BE%D1%80%D0%BE%D0%B2%D0%B8%D1%87\">zde<\/a>). V obci Re\u0161eticha je po n\u011bm pojmenov\u00e1na ulice (<a href=\"https:\/\/www.google.com\/maps\/place\/Ulitsa+Savel'yeva,+Reshetikha,+Nizhegorodskaya+oblast',+Rusko,+606093\/@56.110948,42.9785228,9.42z\/data=!4m6!3m5!1s0x414e39408c9a5ba9:0x3139a64a467bac86!8m2!3d56.2153601!4d43.280183!16s%2Fg%2F1ymy5lx8d?entry=ttu\">zde<\/a>).<\/p>\n\n\n\n<p class=\"has-purple-background-color has-background\">\u201eJedna v\u011bc jsou poh\u0159ebi\u0161t\u011b voj\u00e1k\u016f Rud\u00e9 arm\u00e1dy. Tam za mne je \u00fapln\u011b jedno, jak\u00e9 symboly tam jsou. To jsou hroby t\u011bch voj\u00e1k\u016f. Ti voj\u00e1ci padli nebo p\u0159i\u0161li o \u017eivot. Jim mus\u00ed b\u00fdt prokazov\u00e1na odpov\u00eddaj\u00edc\u00ed \u00facta. Ov\u0161em n\u011bco jin\u00e9ho jsou n\u011bkter\u00e9 symboly ve ve\u0159ejn\u00e9m prostoru, nejr\u016fzn\u011bj\u0161\u00ed typy pomn\u00edk\u016f, kter\u00e9 jsou v&nbsp;n\u011bkter\u00fdch na\u0161ich m\u011bstech a tam bych byl pro to je p\u0159esunout pr\u00e1v\u011b do takov\u00fdch pietn\u00edch m\u00edst a nenech\u00e1vat je uprost\u0159ed m\u011bst\u2026 Rusk\u00e1 federace ch\u00e1pe tyto pomn\u00edky, kter\u00e9 nejsou p\u0159\u00edmo na t\u011bch hrobech voj\u00e1k\u016f, jako ur\u010dit\u00e9 vykol\u00edkov\u00e1n\u00ed si sv\u00e9 sf\u00e9ry vlivu. Jsou to jejich hrani\u010dn\u00ed kameny, kam sah\u00e1 jejich sf\u00e9ra vlivu a kam maj\u00ed pr\u00e1vo zasahovat bez jak\u00e9hokoli ohledu na to, co si mysl\u00ed m\u00edstn\u00ed lid\u00e9. To je uk\u00e1zka: \u201eMy jsme tady a jsme tady nav\u017edy a je \u00fapln\u011b jedno, co si mysl\u00edte. My se sem jednou vr\u00e1t\u00edme\u201c. Kdy\u017e se pod\u00edv\u00e1me na Pobalt\u00ed a Polsko, tam u\u017e k&nbsp;tomu (pozn. odstra\u0148ov\u00e1n\u00ed pomn\u00edk\u016f) fakticky p\u0159istoupili.\u201c  Citace z&nbsp;rozhovoru pro <a href=\"https:\/\/video.aktualne.cz\/spotlight\/spotlight-rozhovor-eduard-stehlik-video\/r~5555d1a4f55911ed82b7ac1f6b220ee8\/\">Aktu\u00e1ln\u011b.cz<\/a> 19.5.2023 plk.g\u0161t. v.z. PhDr. Eduard Stehl\u00edk, Ph.D., MBA \u2013 vojensk\u00fd historik, b\u00fdv. \u0159editel odboru pro v\u00e1le\u010dn\u00e9 veter\u00e1ny Min. obrany a historik Vojensk\u00e9ho historick\u00e9ho \u00fastavu. <\/p>\n\n\n\n<p>O tom, \u017ee s \u00famrt\u00edm npor. Saveljeva nebylo v\u0161e v po\u0159\u00e1dku, v\u011bd\u011bli samoz\u0159ejm\u011b obyvatel\u00e9 Dob\u0159\u00ed\u0161e. Na konci v\u00e1lky byl v\u00edt\u00e1n ka\u017ed\u00fd bojovn\u00edk proti nacizmu a kdyby zde skute\u010dn\u011b n\u011bjak\u00fd rudoarm\u011bjec padl, postavilo by mu m\u011bsto kr\u00e1sn\u00fd pomn\u00edk hned po v\u00e1lce. V p\u0159\u00edpad\u011b A.F.Saveljeva byla pam\u011btn\u00ed deska um\u00edst\u011bna p\u0159ed z\u00e1mkem a\u017e v r. 1978, tedy 33 let po skon\u010den\u00ed v\u00e1lky. V\u00edce ne\u017e p\u0159ipom\u00ednku hrdinn\u00e9ho boje tak \u0161lo o politickou agitaci. <\/p>\n\n\n\n<figure class=\"wp-block-image size-large\"><img loading=\"lazy\" decoding=\"async\" width=\"1024\" height=\"746\" src=\"https:\/\/www.starostistarosty.cz\/wp-content\/uploads\/2023\/08\/Odhaleni-desky-1978-1024x746.jpg\" alt=\"\" class=\"wp-image-336\" srcset=\"https:\/\/www.starostistarosty.cz\/wp-content\/uploads\/2023\/08\/Odhaleni-desky-1978-1024x746.jpg 1024w, https:\/\/www.starostistarosty.cz\/wp-content\/uploads\/2023\/08\/Odhaleni-desky-1978-300x219.jpg 300w, https:\/\/www.starostistarosty.cz\/wp-content\/uploads\/2023\/08\/Odhaleni-desky-1978-768x559.jpg 768w, https:\/\/www.starostistarosty.cz\/wp-content\/uploads\/2023\/08\/Odhaleni-desky-1978.jpg 1156w\" sizes=\"auto, (max-width: 1024px) 100vw, 1024px\" \/><figcaption class=\"wp-element-caption\">Slavnostn\u00ed odhalen\u00ed desky 9.5.1978. Zleva: synovec hrdiny, sestra hrdiny (\u017eena v \u0161\u00e1tku), pplk. Korobkin, partyz\u00e1n St\u011bpovoj, partyz\u00e1n Petr Stefanovi\u010d Saveljev, jeho \u017eena Nata\u0161a, partyz\u00e1n Gon\u010darenko<\/figcaption><\/figure>\n\n\n\n<p>V n\u011bkter\u00fdch rusk\u00fdch zdroj\u00edch se nad\u00e1le uv\u00e1d\u00ed chybn\u00e9 informace o skonu npor. Saveljeva &#8222;zem\u0159el na n\u00e1sledky zran\u011bn\u00ed z boj\u016f 9.5.1945&#8220;<\/p>\n\n\n\n<figure class=\"wp-block-image size-full\"><img loading=\"lazy\" decoding=\"async\" width=\"810\" height=\"153\" src=\"https:\/\/www.starostistarosty.cz\/wp-content\/uploads\/2023\/08\/Vystrizek.jpg\" alt=\"\" class=\"wp-image-335\" srcset=\"https:\/\/www.starostistarosty.cz\/wp-content\/uploads\/2023\/08\/Vystrizek.jpg 810w, https:\/\/www.starostistarosty.cz\/wp-content\/uploads\/2023\/08\/Vystrizek-300x57.jpg 300w, https:\/\/www.starostistarosty.cz\/wp-content\/uploads\/2023\/08\/Vystrizek-768x145.jpg 768w\" sizes=\"auto, (max-width: 810px) 100vw, 810px\" \/><figcaption class=\"wp-element-caption\"><a href=\"https:\/\/warheroes.ru\/hero\/hero.asp?Hero_id=8655\">https:\/\/warheroes.ru\/hero\/hero.asp?Hero_id=8655<\/a><\/figcaption><\/figure>\n\n\n\n<p>V obci Re\u0161eticha, kde A.F.Saveljev chodil do \u0161koly, m\u00e1 pam\u011btn\u00ed desku, kde je n\u00e1pis, \u017ee zem\u0159el v \u010ceskoslovensku <strong>20.5.1945<\/strong>.<\/p>\n\n\n\n<figure class=\"wp-block-image size-large\"><img loading=\"lazy\" decoding=\"async\" width=\"1024\" height=\"599\" src=\"https:\/\/www.starostistarosty.cz\/wp-content\/uploads\/2023\/08\/Deska-Reseticha-umrti_20.5.1945-1024x599.jpg\" alt=\"\" class=\"wp-image-358\" srcset=\"https:\/\/www.starostistarosty.cz\/wp-content\/uploads\/2023\/08\/Deska-Reseticha-umrti_20.5.1945-1024x599.jpg 1024w, https:\/\/www.starostistarosty.cz\/wp-content\/uploads\/2023\/08\/Deska-Reseticha-umrti_20.5.1945-300x176.jpg 300w, https:\/\/www.starostistarosty.cz\/wp-content\/uploads\/2023\/08\/Deska-Reseticha-umrti_20.5.1945-768x450.jpg 768w, https:\/\/www.starostistarosty.cz\/wp-content\/uploads\/2023\/08\/Deska-Reseticha-umrti_20.5.1945.jpg 1054w\" sizes=\"auto, (max-width: 1024px) 100vw, 1024px\" \/><\/figure>\n\n\n\n<p>Tomu by odpov\u00eddal i posledn\u00ed z\u00e1znam, kdy byl <strong>21.5.1945<\/strong> vy\u0159azen z evidence Rud\u00e9 arm\u00e1dy:<\/p>\n\n\n\n<figure class=\"wp-block-image size-full\"><img loading=\"lazy\" decoding=\"async\" width=\"604\" height=\"446\" src=\"https:\/\/www.starostistarosty.cz\/wp-content\/uploads\/2023\/08\/Doc1ascan.jpg\" alt=\"\" class=\"wp-image-363\" srcset=\"https:\/\/www.starostistarosty.cz\/wp-content\/uploads\/2023\/08\/Doc1ascan.jpg 604w, https:\/\/www.starostistarosty.cz\/wp-content\/uploads\/2023\/08\/Doc1ascan-300x222.jpg 300w\" sizes=\"auto, (max-width: 604px) 100vw, 604px\" \/><\/figure>\n\n\n\n<figure class=\"wp-block-image size-full\"><img loading=\"lazy\" decoding=\"async\" width=\"604\" height=\"445\" src=\"https:\/\/www.starostistarosty.cz\/wp-content\/uploads\/2023\/08\/Doc2scan.jpg\" alt=\"\" class=\"wp-image-359\" srcset=\"https:\/\/www.starostistarosty.cz\/wp-content\/uploads\/2023\/08\/Doc2scan.jpg 604w, https:\/\/www.starostistarosty.cz\/wp-content\/uploads\/2023\/08\/Doc2scan-300x221.jpg 300w\" sizes=\"auto, (max-width: 604px) 100vw, 604px\" \/><\/figure>\n\n\n\n<p class=\"has-purple-background-color has-background\"><strong>Alexander Fjodorovi\u010d Saveljev<\/strong> se narodil 15. 6.1921 v\u00a0obci Re\u0161eticha v\u00a0Gorkovsk\u00e9 oblasti. Podle jin\u00fdch zdroj\u016f se narodil 31.12.1921 v obci Ivanovka v Ni\u017en\u011bgorsk\u00e9 oblasti a do obce Re\u0161eticha se p\u0159est\u011bhoval ve v\u011bku 13 let. V obci Re\u0161eticha vychodil z\u00e1kladn\u00ed \u0161kolu. Po napaden\u00ed Sov\u011btsk\u00e9ho svazu N\u011bmeckem byl mobilizov\u00e1n a od roku 1943 bojoval na front\u011b. V\u00a0n\u00e1sleduj\u00edc\u00edm roce utrp\u011bl zran\u011bn\u00ed a po uzdraven\u00ed nastoupil jako velitel st\u0159eleck\u00e9 roty 745. p\u011b\u0161\u00edho pluku, 141. st\u0159eleck\u00e9 divize, 1. gardov\u00e9 arm\u00e1dy, 1. ukrajinsk\u00e9ho frontu. Za \u00fa\u010dast v\u00a0nes\u010detn\u00fdch boj\u00edch z\u00edskal n\u011bkolik vyznamen\u00e1n\u00ed, v\u010detn\u011b titulu Hrdina Sov\u011btsk\u00e9ho svazu (ud\u011blen 24.3.1945) a dos\u00e1hl d\u016fstojnick\u00e9 hodnosti nadporu\u010d\u00edk. Zem\u0159el p\u0159i dopravn\u00ed nehod\u011b v\u00a0Dob\u0159\u00ed\u0161i mezi 12. a 20. kv\u011btnem 1945. V obci Re\u0161eticha (RU) je po n\u011bm pojmenov\u00e1na ulice. V obci Staraya Maina (RU) je v Aleji hrdin\u016f um\u00edst\u011bna Saveljevova busta.<\/p>\n\n\n\n<figure class=\"wp-block-image size-full\"><img loading=\"lazy\" decoding=\"async\" width=\"675\" height=\"900\" src=\"https:\/\/www.starostistarosty.cz\/wp-content\/uploads\/2023\/08\/\u041f\u0430\u043c\u044f\u0442\u043d\u0438\u043a-\u0431\u044e\u0441\u0442_5._\u0421\u0442._\u041c\u0430\u0439\u043d\u0430.jpg\" alt=\"\" class=\"wp-image-342\" srcset=\"https:\/\/www.starostistarosty.cz\/wp-content\/uploads\/2023\/08\/\u041f\u0430\u043c\u044f\u0442\u043d\u0438\u043a-\u0431\u044e\u0441\u0442_5._\u0421\u0442._\u041c\u0430\u0439\u043d\u0430.jpg 675w, https:\/\/www.starostistarosty.cz\/wp-content\/uploads\/2023\/08\/\u041f\u0430\u043c\u044f\u0442\u043d\u0438\u043a-\u0431\u044e\u0441\u0442_5._\u0421\u0442._\u041c\u0430\u0439\u043d\u0430-225x300.jpg 225w\" sizes=\"auto, (max-width: 675px) 100vw, 675px\" \/><figcaption class=\"wp-element-caption\">Busta A.F.Saveljeva v Aleji hrdin\u016f v obci Staraya Maina<\/figcaption><\/figure>\n\n\n\n<p class=\"has-extra-large-font-size\"><strong>Rada m\u011bsta p\u0159esun potvrdila<\/strong><\/p>\n\n\n\n<p>Rada m\u011bsta Dob\u0159\u00ed\u0161e dne 13.6.2023 jednomysln\u011b rozhodla o p\u0159em\u00edst\u011bn\u00ed desky na dob\u0159\u00ed\u0161sk\u00fd h\u0159bitov (<a href=\"https:\/\/www.mestodobris.cz\/assets\/File.ashx?id_org=2796&amp;id_dokumenty=488907\">zde<\/a>), kde jsou ostatky A.F.Saveljeva od konce v\u00e1lky ulo\u017eeny. Deska je zaps\u00e1na na seznamu pietn\u00edch m\u00edst veden\u00e9m Ministerstvem obrany (<a href=\"https:\/\/evidencevh.army.cz\/cevh_international\">zde<\/a>). V Dob\u0159\u00ed\u0161i je na tomto seznamu 18 z\u00e1znam\u016f. Pro p\u0159esun je t\u0159eba z\u00edskat souhlas Ministerstva. Souhlasn\u00e9 stanovisko Ministerstva obrany s p\u0159em\u00edst\u011bn\u00edm v\u00e1le\u010dn\u00e9ho hrobu (pietn\u00edho m\u00edsta) \u010d\u00edslo CZE2107-26795 m\u011bsto obdr\u017eelo prost\u0159ednictv\u00edm Krajsk\u00e9ho \u00fa\u0159adu St\u0159edo\u010desk\u00e9ho kraje dne 11.7.2023.<\/p>\n\n\n\n<figure class=\"wp-block-image size-large\"><img loading=\"lazy\" decoding=\"async\" width=\"1024\" height=\"674\" src=\"https:\/\/www.starostistarosty.cz\/wp-content\/uploads\/2023\/08\/Souhlas-MO-1024x674.jpg\" alt=\"\" class=\"wp-image-340\" srcset=\"https:\/\/www.starostistarosty.cz\/wp-content\/uploads\/2023\/08\/Souhlas-MO-1024x674.jpg 1024w, https:\/\/www.starostistarosty.cz\/wp-content\/uploads\/2023\/08\/Souhlas-MO-300x198.jpg 300w, https:\/\/www.starostistarosty.cz\/wp-content\/uploads\/2023\/08\/Souhlas-MO-768x506.jpg 768w, https:\/\/www.starostistarosty.cz\/wp-content\/uploads\/2023\/08\/Souhlas-MO.jpg 1072w\" sizes=\"auto, (max-width: 1024px) 100vw, 1024px\" \/><figcaption class=\"wp-element-caption\">Souhlas Ministerstva obrany<\/figcaption><\/figure>\n\n\n\n<p>Deska byla um\u00edst\u011bna vedle pietn\u00edho m\u00edsta padl\u00fdch a zem\u0159el\u00fdch z konce 2. sv. v\u00e1lky.<\/p>\n\n\n\n<figure class=\"wp-block-image size-large\"><img loading=\"lazy\" decoding=\"async\" width=\"1024\" height=\"768\" src=\"https:\/\/www.starostistarosty.cz\/wp-content\/uploads\/2023\/08\/Presun-desky2023-1024x768.jpg\" alt=\"\" class=\"wp-image-337\" srcset=\"https:\/\/www.starostistarosty.cz\/wp-content\/uploads\/2023\/08\/Presun-desky2023-1024x768.jpg 1024w, https:\/\/www.starostistarosty.cz\/wp-content\/uploads\/2023\/08\/Presun-desky2023-300x225.jpg 300w, https:\/\/www.starostistarosty.cz\/wp-content\/uploads\/2023\/08\/Presun-desky2023-768x576.jpg 768w, https:\/\/www.starostistarosty.cz\/wp-content\/uploads\/2023\/08\/Presun-desky2023-1536x1152.jpg 1536w, https:\/\/www.starostistarosty.cz\/wp-content\/uploads\/2023\/08\/Presun-desky2023-2048x1536.jpg 2048w, https:\/\/www.starostistarosty.cz\/wp-content\/uploads\/2023\/08\/Presun-desky2023-1568x1176.jpg 1568w\" sizes=\"auto, (max-width: 1024px) 100vw, 1024px\" \/><figcaption class=\"wp-element-caption\">Sou\u010dasn\u00e9 um\u00edst\u011bn\u00ed pam\u011btn\u00ed desky<\/figcaption><\/figure>\n\n\n\n<figure class=\"wp-block-image size-large\"><img loading=\"lazy\" decoding=\"async\" width=\"1024\" height=\"768\" src=\"https:\/\/www.starostistarosty.cz\/wp-content\/uploads\/2023\/08\/Pietni-misto-hrbitov2-1024x768.jpg\" alt=\"\" class=\"wp-image-352\" srcset=\"https:\/\/www.starostistarosty.cz\/wp-content\/uploads\/2023\/08\/Pietni-misto-hrbitov2-1024x768.jpg 1024w, https:\/\/www.starostistarosty.cz\/wp-content\/uploads\/2023\/08\/Pietni-misto-hrbitov2-300x225.jpg 300w, https:\/\/www.starostistarosty.cz\/wp-content\/uploads\/2023\/08\/Pietni-misto-hrbitov2-768x576.jpg 768w, https:\/\/www.starostistarosty.cz\/wp-content\/uploads\/2023\/08\/Pietni-misto-hrbitov2-1536x1152.jpg 1536w, https:\/\/www.starostistarosty.cz\/wp-content\/uploads\/2023\/08\/Pietni-misto-hrbitov2-2048x1536.jpg 2048w, https:\/\/www.starostistarosty.cz\/wp-content\/uploads\/2023\/08\/Pietni-misto-hrbitov2-1568x1176.jpg 1568w\" sizes=\"auto, (max-width: 1024px) 100vw, 1024px\" \/><figcaption class=\"wp-element-caption\">Pietn\u00ed m\u00edsto padl\u00fdm v 2. sv. v\u00e1lce na dob\u0159\u00ed\u0161sk\u00e9m h\u0159bitov\u011b<\/figcaption><\/figure>\n\n\n\n<p>P\u0159em\u00edst\u011bn\u00edm desky nijak nesni\u017eujeme hrdinstv\u00ed voj\u00e1k\u016f Rud\u00e9 arm\u00e1dy a dal\u0161\u00edch arm\u00e1d, kte\u0159\u00ed v dob\u011b 2. sv\u011btov\u00e9 v\u00e1lky bojovali proti nacizmu. P\u0159em\u00edst\u011bn\u00ed desky npor. Saveljeva navazuje na obdobn\u00e9 kroky veden\u00ed dob\u0159\u00ed\u0161sk\u00e9 radnice vych\u00e1zej\u00edc\u00ed ze snahy <strong>o pravdiv\u00fd pohled na historii <\/strong>na\u0161eho m\u011bsta. V\u00a0r. 2019 tak zastupitel\u00e9 rozhodli o odejmut\u00ed \u010destn\u00e9ho ob\u010danstv\u00ed Klementu Gottwaldovi. Od r. 2021 jsou v\u00a0Dob\u0159\u00ed\u0161i pokl\u00e1d\u00e1ny kameny zmizel\u00fdch p\u0159ipom\u00ednaj\u00edc\u00ed \u017eidovsk\u00e9 spoluob\u010dany zavra\u017ed\u011bn\u00e9 v\u00a0obdob\u00ed holocaustu. V r. 2021 byla slavnostn\u011b odhalena pam\u011btn\u00ed deska odboj\u00e1\u0159i genmjr. Josefu Balab\u00e1novi p\u0159ed jeho rodn\u00fdm domem v Dob\u0159\u00ed\u0161i. V\u00a0r. 2022 byly dopln\u011bny vysv\u011btluj\u00edc\u00ed tabulky k\u00a0ozna\u010den\u00ed ulice Plk. Petrovi\u010de, kter\u00e9 uv\u00e1d\u011bj\u00ed, \u017ee se jednalo o sov\u011btsk\u00e9ho partyz\u00e1na vysazen\u00e9ho na Dob\u0159\u00ed\u0161sku v\u00a0b\u0159eznu 1945, ve skute\u010dnosti v\u0161ak o agenta tajn\u00e9 policie NKVD, kdy Petrovi\u010d bylo jeho kryc\u00ed jm\u00e9no. V\u00edce zde <a href=\"https:\/\/www.starostistarosty.cz\/?p=106\" data-type=\"post\" data-id=\"106\">Kolik stoj\u00ed v Dob\u0159\u00ed\u0161i mor\u00e1lka?<\/a><\/p>\n\n\n\n<p class=\"has-extra-large-font-size\"><strong>Diskuze na Seznam Zpr\u00e1vy<\/strong><\/p>\n\n\n\n<p>Dne 22.8.2023 vy\u0161el o p\u0159esunu desky \u010dl\u00e1nek na Seznam Zpr\u00e1vy (<a href=\"https:\/\/www.seznamzpravy.cz\/clanek\/domaci-politika-mesto-presunulo-pametni-desku-vojaka-sssr-najednou-je-to-spatne-zni-kritika-235774\">zde<\/a>). B\u011bhem 48h pod n\u00edm bylo p\u0159es 2000 diskuzn\u00edch p\u0159\u00edsp\u011bvk\u016f. \u010c\u00e1st \u010dten\u00e1\u0159\u016f p\u0159esun ch\u00e1pe. \u010c\u00e1st diskutuj\u00edc\u00edch s p\u0159esunem nesouhlas\u00ed. Zde jsou nejv\u011bt\u0161\u00ed absurdity z diskuze:<\/p>\n\n\n\n<figure class=\"wp-block-image size-full\"><img loading=\"lazy\" decoding=\"async\" width=\"993\" height=\"734\" src=\"https:\/\/www.starostistarosty.cz\/wp-content\/uploads\/2023\/08\/Diskuze1.jpg\" alt=\"\" class=\"wp-image-360\" srcset=\"https:\/\/www.starostistarosty.cz\/wp-content\/uploads\/2023\/08\/Diskuze1.jpg 993w, https:\/\/www.starostistarosty.cz\/wp-content\/uploads\/2023\/08\/Diskuze1-300x222.jpg 300w, https:\/\/www.starostistarosty.cz\/wp-content\/uploads\/2023\/08\/Diskuze1-768x568.jpg 768w\" sizes=\"auto, (max-width: 993px) 100vw, 993px\" \/><\/figure>\n\n\n\n<figure class=\"wp-block-image size-full\"><img loading=\"lazy\" decoding=\"async\" width=\"989\" height=\"412\" src=\"https:\/\/www.starostistarosty.cz\/wp-content\/uploads\/2023\/08\/Diskuze2.jpg\" alt=\"\" class=\"wp-image-361\" srcset=\"https:\/\/www.starostistarosty.cz\/wp-content\/uploads\/2023\/08\/Diskuze2.jpg 989w, https:\/\/www.starostistarosty.cz\/wp-content\/uploads\/2023\/08\/Diskuze2-300x125.jpg 300w, https:\/\/www.starostistarosty.cz\/wp-content\/uploads\/2023\/08\/Diskuze2-768x320.jpg 768w\" sizes=\"auto, (max-width: 989px) 100vw, 989px\" \/><\/figure>\n\n\n\n<figure class=\"wp-block-image size-full\"><img loading=\"lazy\" decoding=\"async\" width=\"992\" height=\"488\" src=\"https:\/\/www.starostistarosty.cz\/wp-content\/uploads\/2023\/08\/Diskuze3.jpg\" alt=\"\" class=\"wp-image-362\" srcset=\"https:\/\/www.starostistarosty.cz\/wp-content\/uploads\/2023\/08\/Diskuze3.jpg 992w, https:\/\/www.starostistarosty.cz\/wp-content\/uploads\/2023\/08\/Diskuze3-300x148.jpg 300w, https:\/\/www.starostistarosty.cz\/wp-content\/uploads\/2023\/08\/Diskuze3-768x378.jpg 768w\" sizes=\"auto, (max-width: 992px) 100vw, 992px\" \/><\/figure>\n\n\n\n<figure class=\"wp-block-image size-large\"><img loading=\"lazy\" decoding=\"async\" width=\"768\" height=\"1024\" src=\"https:\/\/www.starostistarosty.cz\/wp-content\/uploads\/2023\/08\/Zamek-trava-768x1024.jpg\" alt=\"\" class=\"wp-image-339\" srcset=\"https:\/\/www.starostistarosty.cz\/wp-content\/uploads\/2023\/08\/Zamek-trava-768x1024.jpg 768w, https:\/\/www.starostistarosty.cz\/wp-content\/uploads\/2023\/08\/Zamek-trava-225x300.jpg 225w, https:\/\/www.starostistarosty.cz\/wp-content\/uploads\/2023\/08\/Zamek-trava-1152x1536.jpg 1152w, https:\/\/www.starostistarosty.cz\/wp-content\/uploads\/2023\/08\/Zamek-trava-1536x2048.jpg 1536w, https:\/\/www.starostistarosty.cz\/wp-content\/uploads\/2023\/08\/Zamek-trava-1568x2091.jpg 1568w, https:\/\/www.starostistarosty.cz\/wp-content\/uploads\/2023\/08\/Zamek-trava-scaled.jpg 1920w\" sizes=\"auto, (max-width: 768px) 100vw, 768px\" \/><figcaption class=\"wp-element-caption\">V\u00fdsledek po p\u0159esunu desky<\/figcaption><\/figure>\n\n\n\n<p><\/p>\n\n\n\n<p><strong>Rusk\u00e9 dokumenty v\u010d. vojensk\u00fdch z\u00e1znam\u016f: <\/strong><\/p>\n\n\n\n<p><a href=\"https:\/\/1url.cz\/xuwFm\">https:\/\/1url.cz\/xuwFm<\/a> (A.F. Saveljev na wikipedii)<\/p>\n\n\n\n<p><a href=\"https:\/\/warheroes.ru\/hero\/hero.asp?id=15542\">https:\/\/warheroes.ru\/hero\/hero.asp?id=15542<\/a><\/p>\n\n\n\n<p><a href=\"https:\/\/warheroes.ru\/hero\/hero.asp?Hero_id=8655\">https:\/\/warheroes.ru\/hero\/hero.asp?Hero_id=8655<\/a><\/p>\n\n\n\n<p><a href=\"https:\/\/www.names52.ru\/s\/tpost\/5msr6a4kg1-savelev-aleksandr-fyodorovich\">https:\/\/www.names52.ru\/s\/tpost\/5msr6a4kg1-savelev-aleksandr-fyodorovich<\/a><\/p>\n\n\n\n<p><\/p>\n\n\n\n<p><\/p>\n","protected":false},"excerpt":{"rendered":"<p>V Dob\u0159\u00ed\u0161i jsme m\u011bli odjak\u017eiva p\u0159ed vstupem na z\u00e1mek pam\u011btn\u00ed desku &#8222;padl\u00e9ho&#8220; rudoarm\u011bjce z konce 2. sv\u011btov\u00e9 v\u00e1lky. Akor\u00e1t \u017ee v\u016fbec! Na desce ani jej\u00edm um\u00edst\u011bn\u00ed nebylo pravdiv\u00e9 t\u00e9m\u011b\u0159 nic. Co bylo na desce \u0161patn\u011b? Deska nese n\u00e1pis &#8222;zde padl v kv\u011btnu 1945 v boji proti fa\u0161ismu hrdina SSSR npor. A. F. Saveljev. Narozen\u00fd 1921&hellip; <a class=\"more-link\" href=\"https:\/\/www.starostistarosty.cz\/?p=333\">Pokra\u010dovat ve\u00a0\u010dten\u00ed <span class=\"screen-reader-text\">Kdy je vhodn\u00fd \u010das p\u0159esunout pam\u00e1tn\u00edk rudoarm\u011bjce<\/span><\/a><\/p>\n","protected":false},"author":1,"featured_media":0,"comment_status":"closed","ping_status":"","sticky":false,"template":"","format":"standard","meta":{"om_disable_all_campaigns":false,"_monsterinsights_skip_tracking":false,"_monsterinsights_sitenote_active":false,"_monsterinsights_sitenote_note":"","_monsterinsights_sitenote_category":0,"_uf_show_specific_survey":0,"_uf_disable_surveys":false,"footnotes":""},"categories":[1],"tags":[],"class_list":["post-333","post","type-post","status-publish","format-standard","hentry","category-uncategorized","entry"],"aioseo_notices":[],"_links":{"self":[{"href":"https:\/\/www.starostistarosty.cz\/index.php?rest_route=\/wp\/v2\/posts\/333","targetHints":{"allow":["GET"]}}],"collection":[{"href":"https:\/\/www.starostistarosty.cz\/index.php?rest_route=\/wp\/v2\/posts"}],"about":[{"href":"https:\/\/www.starostistarosty.cz\/index.php?rest_route=\/wp\/v2\/types\/post"}],"author":[{"embeddable":true,"href":"https:\/\/www.starostistarosty.cz\/index.php?rest_route=\/wp\/v2\/users\/1"}],"replies":[{"embeddable":true,"href":"https:\/\/www.starostistarosty.cz\/index.php?rest_route=%2Fwp%2Fv2%2Fcomments&post=333"}],"version-history":[{"count":7,"href":"https:\/\/www.starostistarosty.cz\/index.php?rest_route=\/wp\/v2\/posts\/333\/revisions"}],"predecessor-version":[{"id":364,"href":"https:\/\/www.starostistarosty.cz\/index.php?rest_route=\/wp\/v2\/posts\/333\/revisions\/364"}],"wp:attachment":[{"href":"https:\/\/www.starostistarosty.cz\/index.php?rest_route=%2Fwp%2Fv2%2Fmedia&parent=333"}],"wp:term":[{"taxonomy":"category","embeddable":true,"href":"https:\/\/www.starostistarosty.cz\/index.php?rest_route=%2Fwp%2Fv2%2Fcategories&post=333"},{"taxonomy":"post_tag","embeddable":true,"href":"https:\/\/www.starostistarosty.cz\/index.php?rest_route=%2Fwp%2Fv2%2Ftags&post=333"}],"curies":[{"name":"wp","href":"https:\/\/api.w.org\/{rel}","templated":true}]}}